{"id":920,"date":"2026-09-03T10:17:48","date_gmt":"2026-09-03T07:17:48","guid":{"rendered":"https:\/\/mulktakibi.com\/blog\/?p=920"},"modified":"2026-09-03T10:17:49","modified_gmt":"2026-09-03T07:17:49","slug":"eylul-ayi-kira-artis-orani-belli-oldu","status":"publish","type":"post","link":"https:\/\/mulktakibi.com\/blog\/eylul-ayi-kira-artis-orani-belli-oldu\/","title":{"rendered":"Eyl\u00fcl Ay\u0131 Kira Art\u0131\u015f Oran\u0131 Belli Oldu"},"content":{"rendered":"\n<p><strong>Eyl\u00fcl ay\u0131 kira art\u0131\u015f oran\u0131 <\/strong>belli oldu. Bu do\u011frultuda hem ev sahipleri hem de kirac\u0131lar kolay bir \u015fekilde b\u00fct\u00e7e planlamas\u0131 yapabilmekte veya gelecek zamm\u0131 \u00f6ng\u00f6rebilmektedir. Kira s\u00f6zle\u015fmelerinin devam etmesi durumunda kira bedelinin ne kadar artaca\u011f\u0131n\u0131 belirlemek ad\u0131na kira art\u0131\u015f oranlar\u0131 dikkate al\u0131nmaktad\u0131r. T\u00fcrk Bor\u00e7lar Kanunu madde 344&#8217;e g\u00f6re kira art\u0131\u015flar\u0131 s\u00f6zle\u015fmede kararla\u015ft\u0131r\u0131lsa bile kira art\u0131\u015f oran\u0131 \u00fcst s\u0131n\u0131r\u0131n\u0131 a\u015famamaktad\u0131r.<\/p>\n\n\n\n<p>Uygulamaya bak\u0131ld\u0131\u011f\u0131 zaman kira art\u0131\u015f oranlar\u0131 s\u00f6zle\u015fmede yaz\u0131l\u0131 oran \u00fczerinden yap\u0131labilmektedir. Ancak kira s\u00f6zle\u015fmesinde yazan zam oran\u0131, T\u00dcFE taraf\u0131ndan belirlenen art\u0131\u015f oran\u0131ndan daha fazla olamaz. Kanun koyucu kira art\u0131\u015f\u0131na ili\u015fkin serbestli\u011fi s\u0131n\u0131rlam\u0131\u015ft\u0131r. Bu sayede ev sahipleri haks\u0131z art\u0131\u015flar talep edememekte ya da zam yapabilece\u011fi \u00fcst s\u0131n\u0131r\u0131n fark\u0131nda olup buna g\u00f6re art\u0131\u015f yapmaktad\u0131r. Ayn\u0131 \u015fekilde zam oran\u0131na g\u00f6re kirac\u0131lar da kendi b\u00fct\u00e7e planlamalar\u0131n\u0131 kolayl\u0131kla ger\u00e7ekle\u015ftirebilmektedir.<\/p>\n\n\n\n<p><strong>Kira art\u0131\u015f oran\u0131 <\/strong>ge\u00e7en A\u011fustos ay\u0131 i\u00e7in %31,90 olarak belirlenmi\u015ftir. 2026 Eyl\u00fcl ay\u0131 i\u00e7inse bu oran %31,79 olarak belirlenmi\u015ftir. T\u00fcrk Bor\u00e7lar Kanunu madde 344&#8217;e g\u00f6re d\u00fczenlenen kira art\u0131\u015f oranlar\u0131, belirlenen bu orandan daha az olabilmekte ancak daha fazla olamamaktad\u0131r. \u00c7\u00fcnk\u00fc bu oran, zamm\u0131n s\u0131n\u0131r\u0131 olarak belirlenmektedir.<\/p>\n\n\n\n<h2 class=\"wp-block-heading\">2026 Eyl\u00fcl Ay\u0131 Kira Art\u0131\u015f Oran\u0131<\/h2>\n\n\n\n<p><strong>2026 Eyl\u00fcl ay\u0131 kira art\u0131\u015f oran\u0131 <\/strong>hem kirac\u0131lar\u0131n hem de ev sahiplerinin bekledi\u011fi en \u00f6nemli haberler aras\u0131nda yer almaktad\u0131r. %31,79 olarak belirlenen bu oran sayesinde ev sahipleri ancak bu orana g\u00f6re kira \u00fczerinde art\u0131\u015f yapabilmektedirler. Enflasyonun yo\u011fun olarak dalgalanmas\u0131 nedeniyle emlak piyasas\u0131nda da benzer durumlar g\u00f6zlenmektedir. \u00d6zellikle ev kiralamada pek \u00e7ok duruma dikkat edilerek kira \u00fccreti hesaplanmaktad\u0131r.<\/p>\n\n\n\n<p>Kira art\u0131\u015f oran\u0131 kira s\u00f6zle\u015fmesinin devam\u0131nda kira bedelinin ne \u00f6l\u00e7\u00fcde art\u0131r\u0131laca\u011f\u0131n\u0131 belirleyen hukuki s\u0131n\u0131r\u0131 belirlemek amac\u0131yla kullan\u0131lan bir terimdir. T\u00fcrk Bor\u00e7lar Kanunu&#8217;nda yer alan maddelerle kira art\u0131\u015f\u0131na ili\u015fkin d\u00fczenlemeler getirilmi\u015ftir. \u00d6zellikle \u00e7at\u0131l\u0131 i\u015f yeri ve konut kiralar\u0131nda iki taraf\u0131n serbestisini s\u0131n\u0131rlamak i\u00e7in \u00f6nemli d\u00fczenlemeler yap\u0131lm\u0131\u015ft\u0131r.<\/p>\n\n\n\n<figure class=\"wp-block-image size-large\"><img loading=\"lazy\" decoding=\"async\" width=\"1024\" height=\"683\" src=\"https:\/\/mulktakibi.com\/blog\/wp-content\/uploads\/2026\/09\/Eylul-Ayi-Kira-Artis-Orani-Belli-Oldu-2-1024x683.jpeg\" alt=\"\" class=\"wp-image-922\" srcset=\"https:\/\/mulktakibi.com\/blog\/wp-content\/uploads\/2026\/09\/Eylul-Ayi-Kira-Artis-Orani-Belli-Oldu-2-1024x683.jpeg 1024w, https:\/\/mulktakibi.com\/blog\/wp-content\/uploads\/2026\/09\/Eylul-Ayi-Kira-Artis-Orani-Belli-Oldu-2-300x200.jpeg 300w, https:\/\/mulktakibi.com\/blog\/wp-content\/uploads\/2026\/09\/Eylul-Ayi-Kira-Artis-Orani-Belli-Oldu-2-768x512.jpeg 768w, https:\/\/mulktakibi.com\/blog\/wp-content\/uploads\/2026\/09\/Eylul-Ayi-Kira-Artis-Orani-Belli-Oldu-2.jpeg 1536w\" sizes=\"auto, (max-width: 1024px) 100vw, 1024px\" \/><\/figure>\n\n\n\n<p>T\u00fcrk Bor\u00e7lar Kanunu madde 344&#8217;e g\u00f6re kira s\u00f6zle\u015fmesinde kira art\u0131\u015f\u0131na ili\u015fkin bir h\u00fck\u00fcm yer al\u0131yorsa kira art\u0131\u015f oran\u0131 bir \u00f6nceki kira y\u0131l\u0131nda hesaplanan T\u00dcFE oran\u0131n\u0131n on iki ayl\u0131k ortalamas\u0131 olmal\u0131d\u0131r ve bu oran\u0131 ge\u00e7emez. Yani iki taraf da s\u00f6zle\u015fmede daha y\u00fcksek kira art\u0131\u015f oran\u0131 belirtmi\u015fse ve bu oran T\u00dcFE oran\u0131n\u0131 ge\u00e7iyorsa, s\u00f6zle\u015fmedeki oran ge\u00e7ersiz say\u0131lmakta ve T\u00dcFE oran\u0131na g\u00f6re hesaplama yap\u0131lmaktad\u0131r.<\/p>\n\n\n\n<h2 class=\"wp-block-heading\">Eyl\u00fcl Kira Art\u0131\u015f\u0131 Hesaplama<\/h2>\n\n\n\n<p><strong>Eyl\u00fcl kira art\u0131\u015f\u0131 hesaplama <\/strong>ile gelecek en \u00fcst kira zamm\u0131 s\u0131n\u0131r\u0131 kolay bir \u015fekilde hesaplanmaktad\u0131r. 2026 Eyl\u00fcl ay\u0131 oranlar\u0131 %31,79 olarak hesaplanm\u0131\u015ft\u0131r. Yani bu, T\u00dcFE&#8217;nin belirledi\u011fi orand\u0131r. S\u00f6zle\u015fmede yer alan art\u0131\u015f oran\u0131 u oran\u0131 ge\u00e7miyorsa s\u00f6zle\u015fmedeki oran ge\u00e7erli say\u0131lmaktad\u0131r. Ancak bu oran\u0131 ge\u00e7iyorsa s\u00f6zle\u015fmede yaza oran de\u011fil, T\u00dcFE oran\u0131 uygulanmaktad\u0131r.<\/p>\n\n\n\n<p>\u00d6rnek <strong>zam oran\u0131 hesaplama <\/strong>tablosuna g\u00f6re:<\/p>\n\n\n\n<ul class=\"wp-block-list\">\n<li>Mevcut kira: 15.000<\/li>\n\n\n\n<li>T\u00dcFE 12 ayl\u0131k ortalama: %40<\/li>\n<\/ul>\n\n\n\n<p>Bu durumda zam tutar\u0131 hesaplama i\u00e7in:<\/p>\n\n\n\n<ul class=\"wp-block-list\">\n<li>15:000 x 40 \/ 100 = 6.000<\/li>\n<\/ul>\n\n\n\n<p>Bu durumda yeni kira bedeli 15.000 + 6.000 = 21.000 TL olacakt\u0131r.<\/p>\n\n\n\n<p>Kira art\u0131\u015f miktar\u0131 hesaplan\u0131rken i\u015flem s\u0131ras\u0131na ve oran miktar\u0131na dikkat etmek \u00f6nemlidir.<\/p>\n\n\n\n<p>Bu oranlar\u0131n yasal \u00fcst s\u0131n\u0131r olarak kabul edilmesinin en b\u00fcy\u00fck nedeni, y\u00fcksek enflasyon ya da fiyatland\u0131rmalar\u0131 bahane ederek daha fazla kira al\u0131nmas\u0131n\u0131n \u00f6n\u00fcne ge\u00e7mektir. Ev sahiplerinin haks\u0131z zam yapmas\u0131n\u0131 \u00f6nlemenin yan\u0131 s\u0131ra yine ev sahiplerinin haklar\u0131 olan zamm\u0131 yasal \u00e7er\u00e7evede yapabilmeleri sa\u011flanmaktad\u0131r. Eyl\u00fcl ay\u0131 i\u00e7in ge\u00e7erli olan oranlar sayesinde kira bedelinizi kolayca hesaplayabilirsiniz.<\/p>\n\n\n\n<p><a href=\"https:\/\/mulktakibi.com\/blog\/ev-sahibi-kiraciyi-mahkemeye-vermeden-cikarabilir-mi\/\">Ev Sahibi Kirac\u0131y\u0131 Mahkemeye Vermeden \u00c7\u0131karabilir Mi?<\/a><\/p>\n\n\n","protected":false},"excerpt":{"rendered":"<p>Eyl\u00fcl ay\u0131 kira art\u0131\u015f oran\u0131 belli oldu. Bu do\u011frultuda hem ev sahipleri hem de kirac\u0131lar kolay bir \u015fekilde b\u00fct\u00e7e planlamas\u0131 yapabilmekte veya gelecek zamm\u0131 \u00f6ng\u00f6rebilmektedir. Kira s\u00f6zle\u015fmelerinin devam etmesi durumunda kira bedelinin ne kadar artaca\u011f\u0131n\u0131 belirlemek ad\u0131na kira art\u0131\u015f oranlar\u0131 dikkate al\u0131nmaktad\u0131r. T\u00fcrk Bor\u00e7lar Kanunu madde 344&#8217;e g\u00f6re kira art\u0131\u015flar\u0131 s\u00f6zle\u015fmede kararla\u015ft\u0131r\u0131lsa bile kira art\u0131\u015f [&#8230;]\n","protected":false},"author":2,"featured_media":921,"comment_status":"open","ping_status":"open","sticky":false,"template":"","format":"standard","meta":{"footnotes":""},"categories":[1],"tags":[],"class_list":["post-920","post","type-post","status-publish","format-standard","has-post-thumbnail","hentry","category-genel"],"yoast_head":"<!-- This site is optimized with the Yoast SEO plugin v20.5 - https:\/\/yoast.com\/wordpress\/plugins\/seo\/ -->\n<title>Eyl\u00fcl Ay\u0131 Kira Art\u0131\u015f Oran\u0131 Belli Oldu - M\u00fclk Takibi<\/title>\n<meta name=\"description\" content=\"Eyl\u00fcl ay\u0131 kira art\u0131\u015f oran\u0131 belli oldu. Bu do\u011frultuda hem ev sahipleri hem de kirac\u0131lar kolay bir \u015fekilde b\u00fct\u00e7e planlamas\u0131 yapabilmekte veya gelecek zamm\u0131 \u00f6ng\u00f6rebilmektedir\" \/>\n<meta name=\"robots\" content=\"index, follow, max-snippet:-1, max-image-preview:large, max-video-preview:-1\" \/>\n<link rel=\"canonical\" href=\"https:\/\/mulktakibi.com\/blog\/eylul-ayi-kira-artis-orani-belli-oldu\/\" \/>\n<meta property=\"og:locale\" content=\"tr_TR\" \/>\n<meta property=\"og:type\" content=\"article\" \/>\n<meta property=\"og:title\" content=\"Eyl\u00fcl Ay\u0131 Kira Art\u0131\u015f Oran\u0131 Belli Oldu - M\u00fclk Takibi\" \/>\n<meta property=\"og:description\" content=\"Eyl\u00fcl ay\u0131 kira art\u0131\u015f oran\u0131 belli oldu. Bu do\u011frultuda hem ev sahipleri hem de kirac\u0131lar kolay bir \u015fekilde b\u00fct\u00e7e planlamas\u0131 yapabilmekte veya gelecek zamm\u0131 \u00f6ng\u00f6rebilmektedir\" \/>\n<meta property=\"og:url\" content=\"https:\/\/mulktakibi.com\/blog\/eylul-ayi-kira-artis-orani-belli-oldu\/\" \/>\n<meta property=\"og:site_name\" content=\"M\u00fclk Takibi\" \/>\n<meta property=\"article:publisher\" content=\"https:\/\/www.facebook.com\/mulktakibi\" \/>\n<meta property=\"article:published_time\" content=\"2026-09-03T07:17:48+00:00\" \/>\n<meta property=\"article:modified_time\" content=\"2026-09-03T07:17:49+00:00\" \/>\n<meta property=\"og:image\" content=\"https:\/\/mulktakibi.com\/blog\/wp-content\/uploads\/2026\/09\/Eylul-Ayi-Kira-Artis-Orani-Belli-Oldu-1.jpeg\" \/>\n\t<meta property=\"og:image:width\" content=\"1536\" \/>\n\t<meta property=\"og:image:height\" content=\"1024\" \/>\n\t<meta property=\"og:image:type\" content=\"image\/jpeg\" \/>\n<meta name=\"author\" content=\"\u015eule Akyol\" \/>\n<meta name=\"twitter:card\" content=\"summary_large_image\" \/>\n<meta name=\"twitter:creator\" content=\"@mulktakibi\" \/>\n<meta name=\"twitter:site\" content=\"@mulktakibi\" \/>\n<meta name=\"twitter:label1\" content=\"Yazan:\" \/>\n\t<meta name=\"twitter:data1\" content=\"\u015eule Akyol\" \/>\n\t<meta name=\"twitter:label2\" content=\"Tahmini okuma s\u00fcresi\" \/>\n\t<meta name=\"twitter:data2\" content=\"4 dakika\" \/>\n<script type=\"application\/ld+json\" class=\"yoast-schema-graph\">{\"@context\":\"https:\/\/schema.org\",\"@graph\":[{\"@type\":\"Article\",\"@id\":\"https:\/\/mulktakibi.com\/blog\/eylul-ayi-kira-artis-orani-belli-oldu\/#article\",\"isPartOf\":{\"@id\":\"https:\/\/mulktakibi.com\/blog\/eylul-ayi-kira-artis-orani-belli-oldu\/\"},\"author\":{\"name\":\"\u015eule Akyol\",\"@id\":\"https:\/\/mulktakibi.com\/blog\/#\/schema\/person\/fe857fef554e553559eb568296f6dd43\"},\"headline\":\"Eyl\u00fcl Ay\u0131 Kira Art\u0131\u015f Oran\u0131 Belli Oldu\",\"datePublished\":\"2026-09-03T07:17:48+00:00\",\"dateModified\":\"2026-09-03T07:17:49+00:00\",\"mainEntityOfPage\":{\"@id\":\"https:\/\/mulktakibi.com\/blog\/eylul-ayi-kira-artis-orani-belli-oldu\/\"},\"wordCount\":698,\"commentCount\":0,\"publisher\":{\"@id\":\"https:\/\/mulktakibi.com\/blog\/#organization\"},\"inLanguage\":\"tr\",\"potentialAction\":[{\"@type\":\"CommentAction\",\"name\":\"Comment\",\"target\":[\"https:\/\/mulktakibi.com\/blog\/eylul-ayi-kira-artis-orani-belli-oldu\/#respond\"]}]},{\"@type\":\"WebPage\",\"@id\":\"https:\/\/mulktakibi.com\/blog\/eylul-ayi-kira-artis-orani-belli-oldu\/\",\"url\":\"https:\/\/mulktakibi.com\/blog\/eylul-ayi-kira-artis-orani-belli-oldu\/\",\"name\":\"Eyl\u00fcl Ay\u0131 Kira Art\u0131\u015f Oran\u0131 Belli Oldu - M\u00fclk Takibi\",\"isPartOf\":{\"@id\":\"https:\/\/mulktakibi.com\/blog\/#website\"},\"datePublished\":\"2026-09-03T07:17:48+00:00\",\"dateModified\":\"2026-09-03T07:17:49+00:00\",\"description\":\"Eyl\u00fcl ay\u0131 kira art\u0131\u015f oran\u0131 belli oldu. Bu do\u011frultuda hem ev sahipleri hem de kirac\u0131lar kolay bir \u015fekilde b\u00fct\u00e7e planlamas\u0131 yapabilmekte veya gelecek zamm\u0131 \u00f6ng\u00f6rebilmektedir\",\"breadcrumb\":{\"@id\":\"https:\/\/mulktakibi.com\/blog\/eylul-ayi-kira-artis-orani-belli-oldu\/#breadcrumb\"},\"inLanguage\":\"tr\",\"potentialAction\":[{\"@type\":\"ReadAction\",\"target\":[\"https:\/\/mulktakibi.com\/blog\/eylul-ayi-kira-artis-orani-belli-oldu\/\"]}]},{\"@type\":\"BreadcrumbList\",\"@id\":\"https:\/\/mulktakibi.com\/blog\/eylul-ayi-kira-artis-orani-belli-oldu\/#breadcrumb\",\"itemListElement\":[{\"@type\":\"ListItem\",\"position\":1,\"name\":\"Anasayfa\",\"item\":\"https:\/\/mulktakibi.com\/blog\/\"},{\"@type\":\"ListItem\",\"position\":2,\"name\":\"Eyl\u00fcl Ay\u0131 Kira Art\u0131\u015f Oran\u0131 Belli Oldu\"}]},{\"@type\":\"WebSite\",\"@id\":\"https:\/\/mulktakibi.com\/blog\/#website\",\"url\":\"https:\/\/mulktakibi.com\/blog\/\",\"name\":\"M\u00fclk Takibi\",\"description\":\"| Online Kira Takip Program\u0131 | Kira Takibi\",\"publisher\":{\"@id\":\"https:\/\/mulktakibi.com\/blog\/#organization\"},\"potentialAction\":[{\"@type\":\"SearchAction\",\"target\":{\"@type\":\"EntryPoint\",\"urlTemplate\":\"https:\/\/mulktakibi.com\/blog\/?s={search_term_string}\"},\"query-input\":\"required name=search_term_string\"}],\"inLanguage\":\"tr\"},{\"@type\":\"Organization\",\"@id\":\"https:\/\/mulktakibi.com\/blog\/#organization\",\"name\":\"M\u00fclk Takibi\",\"url\":\"https:\/\/mulktakibi.com\/blog\/\",\"logo\":{\"@type\":\"ImageObject\",\"inLanguage\":\"tr\",\"@id\":\"https:\/\/mulktakibi.com\/blog\/#\/schema\/logo\/image\/\",\"url\":\"https:\/\/mulktakibi.com\/blog\/wp-content\/uploads\/2022\/12\/logo.png\",\"contentUrl\":\"https:\/\/mulktakibi.com\/blog\/wp-content\/uploads\/2022\/12\/logo.png\",\"width\":300,\"height\":66,\"caption\":\"M\u00fclk Takibi\"},\"image\":{\"@id\":\"https:\/\/mulktakibi.com\/blog\/#\/schema\/logo\/image\/\"},\"sameAs\":[\"https:\/\/www.facebook.com\/mulktakibi\",\"https:\/\/twitter.com\/mulktakibi\",\"https:\/\/www.youtube.com\/channel\/UCZ0qRtwOZ01aeo-vswXKjqQ\",\"https:\/\/www.linkedin.com\/company\/mlk-takibi\/\",\"https:\/\/www.instagram.com\/mulktakibi\/\"]},{\"@type\":\"Person\",\"@id\":\"https:\/\/mulktakibi.com\/blog\/#\/schema\/person\/fe857fef554e553559eb568296f6dd43\",\"name\":\"\u015eule Akyol\",\"image\":{\"@type\":\"ImageObject\",\"inLanguage\":\"tr\",\"@id\":\"https:\/\/mulktakibi.com\/blog\/#\/schema\/person\/image\/\",\"url\":\"https:\/\/secure.gravatar.com\/avatar\/42cd57afda1d2ff6e51d534d996e862ffbf27dc3d8391abac3f6a9a9186b037a?s=96&d=mm&r=g\",\"contentUrl\":\"https:\/\/secure.gravatar.com\/avatar\/42cd57afda1d2ff6e51d534d996e862ffbf27dc3d8391abac3f6a9a9186b037a?s=96&d=mm&r=g\",\"caption\":\"\u015eule Akyol\"},\"sameAs\":[\"https:\/\/mulktakibi.com\"],\"url\":\"https:\/\/mulktakibi.com\/blog\/author\/suleakyol\/\"}]}<\/script>\n<!-- \/ Yoast SEO plugin. -->","yoast_head_json":{"title":"Eyl\u00fcl Ay\u0131 Kira Art\u0131\u015f Oran\u0131 Belli Oldu - M\u00fclk Takibi","description":"Eyl\u00fcl ay\u0131 kira art\u0131\u015f oran\u0131 belli oldu. Bu do\u011frultuda hem ev sahipleri hem de kirac\u0131lar kolay bir \u015fekilde b\u00fct\u00e7e planlamas\u0131 yapabilmekte veya gelecek zamm\u0131 \u00f6ng\u00f6rebilmektedir","robots":{"index":"index","follow":"follow","max-snippet":"max-snippet:-1","max-image-preview":"max-image-preview:large","max-video-preview":"max-video-preview:-1"},"canonical":"https:\/\/mulktakibi.com\/blog\/eylul-ayi-kira-artis-orani-belli-oldu\/","og_locale":"tr_TR","og_type":"article","og_title":"Eyl\u00fcl Ay\u0131 Kira Art\u0131\u015f Oran\u0131 Belli Oldu - M\u00fclk Takibi","og_description":"Eyl\u00fcl ay\u0131 kira art\u0131\u015f oran\u0131 belli oldu. Bu do\u011frultuda hem ev sahipleri hem de kirac\u0131lar kolay bir \u015fekilde b\u00fct\u00e7e planlamas\u0131 yapabilmekte veya gelecek zamm\u0131 \u00f6ng\u00f6rebilmektedir","og_url":"https:\/\/mulktakibi.com\/blog\/eylul-ayi-kira-artis-orani-belli-oldu\/","og_site_name":"M\u00fclk Takibi","article_publisher":"https:\/\/www.facebook.com\/mulktakibi","article_published_time":"2026-09-03T07:17:48+00:00","article_modified_time":"2026-09-03T07:17:49+00:00","og_image":[{"width":1536,"height":1024,"url":"https:\/\/mulktakibi.com\/blog\/wp-content\/uploads\/2026\/09\/Eylul-Ayi-Kira-Artis-Orani-Belli-Oldu-1.jpeg","type":"image\/jpeg"}],"author":"\u015eule Akyol","twitter_card":"summary_large_image","twitter_creator":"@mulktakibi","twitter_site":"@mulktakibi","twitter_misc":{"Yazan:":"\u015eule Akyol","Tahmini okuma s\u00fcresi":"4 dakika"},"schema":{"@context":"https:\/\/schema.org","@graph":[{"@type":"Article","@id":"https:\/\/mulktakibi.com\/blog\/eylul-ayi-kira-artis-orani-belli-oldu\/#article","isPartOf":{"@id":"https:\/\/mulktakibi.com\/blog\/eylul-ayi-kira-artis-orani-belli-oldu\/"},"author":{"name":"\u015eule Akyol","@id":"https:\/\/mulktakibi.com\/blog\/#\/schema\/person\/fe857fef554e553559eb568296f6dd43"},"headline":"Eyl\u00fcl Ay\u0131 Kira Art\u0131\u015f Oran\u0131 Belli Oldu","datePublished":"2026-09-03T07:17:48+00:00","dateModified":"2026-09-03T07:17:49+00:00","mainEntityOfPage":{"@id":"https:\/\/mulktakibi.com\/blog\/eylul-ayi-kira-artis-orani-belli-oldu\/"},"wordCount":698,"commentCount":0,"publisher":{"@id":"https:\/\/mulktakibi.com\/blog\/#organization"},"inLanguage":"tr","potentialAction":[{"@type":"CommentAction","name":"Comment","target":["https:\/\/mulktakibi.com\/blog\/eylul-ayi-kira-artis-orani-belli-oldu\/#respond"]}]},{"@type":"WebPage","@id":"https:\/\/mulktakibi.com\/blog\/eylul-ayi-kira-artis-orani-belli-oldu\/","url":"https:\/\/mulktakibi.com\/blog\/eylul-ayi-kira-artis-orani-belli-oldu\/","name":"Eyl\u00fcl Ay\u0131 Kira Art\u0131\u015f Oran\u0131 Belli Oldu - M\u00fclk Takibi","isPartOf":{"@id":"https:\/\/mulktakibi.com\/blog\/#website"},"datePublished":"2026-09-03T07:17:48+00:00","dateModified":"2026-09-03T07:17:49+00:00","description":"Eyl\u00fcl ay\u0131 kira art\u0131\u015f oran\u0131 belli oldu. Bu do\u011frultuda hem ev sahipleri hem de kirac\u0131lar kolay bir \u015fekilde b\u00fct\u00e7e planlamas\u0131 yapabilmekte veya gelecek zamm\u0131 \u00f6ng\u00f6rebilmektedir","breadcrumb":{"@id":"https:\/\/mulktakibi.com\/blog\/eylul-ayi-kira-artis-orani-belli-oldu\/#breadcrumb"},"inLanguage":"tr","potentialAction":[{"@type":"ReadAction","target":["https:\/\/mulktakibi.com\/blog\/eylul-ayi-kira-artis-orani-belli-oldu\/"]}]},{"@type":"BreadcrumbList","@id":"https:\/\/mulktakibi.com\/blog\/eylul-ayi-kira-artis-orani-belli-oldu\/#breadcrumb","itemListElement":[{"@type":"ListItem","position":1,"name":"Anasayfa","item":"https:\/\/mulktakibi.com\/blog\/"},{"@type":"ListItem","position":2,"name":"Eyl\u00fcl Ay\u0131 Kira Art\u0131\u015f Oran\u0131 Belli Oldu"}]},{"@type":"WebSite","@id":"https:\/\/mulktakibi.com\/blog\/#website","url":"https:\/\/mulktakibi.com\/blog\/","name":"M\u00fclk Takibi","description":"| Online Kira Takip Program\u0131 | Kira Takibi","publisher":{"@id":"https:\/\/mulktakibi.com\/blog\/#organization"},"potentialAction":[{"@type":"SearchAction","target":{"@type":"EntryPoint","urlTemplate":"https:\/\/mulktakibi.com\/blog\/?s={search_term_string}"},"query-input":"required name=search_term_string"}],"inLanguage":"tr"},{"@type":"Organization","@id":"https:\/\/mulktakibi.com\/blog\/#organization","name":"M\u00fclk Takibi","url":"https:\/\/mulktakibi.com\/blog\/","logo":{"@type":"ImageObject","inLanguage":"tr","@id":"https:\/\/mulktakibi.com\/blog\/#\/schema\/logo\/image\/","url":"https:\/\/mulktakibi.com\/blog\/wp-content\/uploads\/2022\/12\/logo.png","contentUrl":"https:\/\/mulktakibi.com\/blog\/wp-content\/uploads\/2022\/12\/logo.png","width":300,"height":66,"caption":"M\u00fclk Takibi"},"image":{"@id":"https:\/\/mulktakibi.com\/blog\/#\/schema\/logo\/image\/"},"sameAs":["https:\/\/www.facebook.com\/mulktakibi","https:\/\/twitter.com\/mulktakibi","https:\/\/www.youtube.com\/channel\/UCZ0qRtwOZ01aeo-vswXKjqQ","https:\/\/www.linkedin.com\/company\/mlk-takibi\/","https:\/\/www.instagram.com\/mulktakibi\/"]},{"@type":"Person","@id":"https:\/\/mulktakibi.com\/blog\/#\/schema\/person\/fe857fef554e553559eb568296f6dd43","name":"\u015eule Akyol","image":{"@type":"ImageObject","inLanguage":"tr","@id":"https:\/\/mulktakibi.com\/blog\/#\/schema\/person\/image\/","url":"https:\/\/secure.gravatar.com\/avatar\/42cd57afda1d2ff6e51d534d996e862ffbf27dc3d8391abac3f6a9a9186b037a?s=96&d=mm&r=g","contentUrl":"https:\/\/secure.gravatar.com\/avatar\/42cd57afda1d2ff6e51d534d996e862ffbf27dc3d8391abac3f6a9a9186b037a?s=96&d=mm&r=g","caption":"\u015eule Akyol"},"sameAs":["https:\/\/mulktakibi.com"],"url":"https:\/\/mulktakibi.com\/blog\/author\/suleakyol\/"}]}},"_links":{"self":[{"href":"https:\/\/mulktakibi.com\/blog\/wp-json\/wp\/v2\/posts\/920","targetHints":{"allow":["GET"]}}],"collection":[{"href":"https:\/\/mulktakibi.com\/blog\/wp-json\/wp\/v2\/posts"}],"about":[{"href":"https:\/\/mulktakibi.com\/blog\/wp-json\/wp\/v2\/types\/post"}],"author":[{"embeddable":true,"href":"https:\/\/mulktakibi.com\/blog\/wp-json\/wp\/v2\/users\/2"}],"replies":[{"embeddable":true,"href":"https:\/\/mulktakibi.com\/blog\/wp-json\/wp\/v2\/comments?post=920"}],"version-history":[{"count":1,"href":"https:\/\/mulktakibi.com\/blog\/wp-json\/wp\/v2\/posts\/920\/revisions"}],"predecessor-version":[{"id":923,"href":"https:\/\/mulktakibi.com\/blog\/wp-json\/wp\/v2\/posts\/920\/revisions\/923"}],"wp:featuredmedia":[{"embeddable":true,"href":"https:\/\/mulktakibi.com\/blog\/wp-json\/wp\/v2\/media\/921"}],"wp:attachment":[{"href":"https:\/\/mulktakibi.com\/blog\/wp-json\/wp\/v2\/media?parent=920"}],"wp:term":[{"taxonomy":"category","embeddable":true,"href":"https:\/\/mulktakibi.com\/blog\/wp-json\/wp\/v2\/categories?post=920"},{"taxonomy":"post_tag","embeddable":true,"href":"https:\/\/mulktakibi.com\/blog\/wp-json\/wp\/v2\/tags?post=920"}],"curies":[{"name":"wp","href":"https:\/\/api.w.org\/{rel}","templated":true}]}}