{"id":915,"date":"2026-08-31T12:00:00","date_gmt":"2026-08-31T09:00:00","guid":{"rendered":"https:\/\/mulktakibi.com\/blog\/?p=915"},"modified":"2026-08-31T01:31:23","modified_gmt":"2026-08-30T22:31:23","slug":"ev-sahibi-kiraciyi-mahkemeye-vermeden-cikarabilir-mi","status":"publish","type":"post","link":"https:\/\/mulktakibi.com\/blog\/ev-sahibi-kiraciyi-mahkemeye-vermeden-cikarabilir-mi\/","title":{"rendered":"Ev Sahibi Kirac\u0131y\u0131 Mahkemeye Vermeden \u00c7\u0131karabilir Mi?"},"content":{"rendered":"\n<p>Ev sahipleri ve kirac\u0131lar pek \u00e7ok durumdan dolay\u0131 mahkemelik olabilmekte ya da aralar\u0131nda \u00e7e\u015fitli anla\u015fmazl\u0131klar \u00e7\u0131kabilmektedir. Bu durumda <strong>ev sahibi kirac\u0131y\u0131 mahkemeye vermeden \u00e7\u0131karabilir mi <\/strong>sorusu, \u00f6zellikle dava ve hukuki s\u00fcre\u00e7lerle u\u011fra\u015fmak istemeyen ki\u015filer taraf\u0131ndan ara\u015ft\u0131r\u0131lmaktad\u0131r. Taraflar aras\u0131 yap\u0131lan kira s\u00f6zle\u015fmesiyle birlikte iki taraf\u0131n da haklar\u0131 hukuken g\u00fcvenceye al\u0131\u015fk\u0131n olmaktad\u0131r. Ev sahipleri nedensiz yere kafalar\u0131na g\u00f6re evlerinde kalan kirac\u0131lar\u0131 \u00e7\u0131karamaz. Hakl\u0131 nedenlerden dolay\u0131 tahliye davas\u0131 a\u00e7\u0131lmaktad\u0131r ama hakl\u0131 deneler bulunsa dahi dava s\u00fcre\u00e7leri karma\u015f\u0131k olabilmektedir.<\/p>\n\n\n\n<p><strong>Mahkemesiz kirac\u0131 tahliyesi <\/strong>i\u00e7in kira s\u00f6zle\u015fmesinin sona ermi\u015f olmas\u0131 ve sona ermeden \u00f6nce kirac\u0131 ya da ev sahibi taraf\u0131ndan tahliye bildirgesi g\u00f6nderilmelidir. S\u00f6zle\u015fmesi olmaya kirac\u0131lar\u0131n evden tahliyesi konusunda da pek \u00e7ok kafa kar\u0131\u015f\u0131kl\u0131\u011f\u0131 yer almaktad\u0131r. Ev sahipleri baz\u0131 durumlarda s\u00f6zle\u015fmesiz kirac\u0131 tutabilir ve bu nedenle baz\u0131 hukuksal s\u00fcre\u00e7ler ya\u015famak durumunda kalabilir.<\/p>\n\n\n\n<h2 class=\"wp-block-heading\">Kirac\u0131 Tahliye S\u00fcreci<\/h2>\n\n\n\n<p><strong>Kirac\u0131 tahliye s\u00fcreci <\/strong>ve \u015fartlar\u0131, yasalarda detayl\u0131 olarak i\u015flenmi\u015ftir. Ev sahipleri, kira s\u00f6zle\u015fmesi olmad\u0131\u011f\u0131 zaman kirac\u0131y\u0131 nedensizce evden \u00e7\u0131karamaz. T\u00fcrk Bor\u00e7lar Kanunu&#8217;nda d\u00fczenlenenlere g\u00f6re tahliye nedeni s\u00f6zle\u015fmeli ya da s\u00f6zle\u015fmesiz oldu\u011fu fark etmeden tahliye i\u015flemlerini ba\u015flatmak i\u00e7in yeterlidir.<\/p>\n\n\n\n<p><strong>Kirac\u0131 tahliye \u015fartlar\u0131 <\/strong>mahkemesiz tahliye i\u00e7in yeterli \u015fartlar bar\u0131nd\u0131rmaktad\u0131r. E\u011fer anla\u015fmazl\u0131k s\u00f6z konusuysa ve kira s\u00f6zle\u015fmesi bitmemi\u015fse bu durumda tahliye davas\u0131 a\u00e7mak gerekebilir. Tahliye davas\u0131 s\u00fcreci farkl\u0131 durumlara ba\u011fl\u0131 olarak yine farkl\u0131 s\u00fcr\u00e7lere sahip olabilmektedir. Kirac\u0131n\u0131n tahliye edilmesi isteniyorsa kirac\u0131ya kira s\u00f6zle\u015fmesi bitmeden en az 15 g\u00fcn \u00f6nce yaz\u0131l\u0131 olarak bildirimde bulunulmal\u0131d\u0131r.<\/p>\n\n\n\n<figure class=\"wp-block-image size-large\"><img loading=\"lazy\" decoding=\"async\" width=\"1024\" height=\"683\" src=\"https:\/\/mulktakibi.com\/blog\/wp-content\/uploads\/2026\/08\/Ev-Sahibi-Kiraciyi-Mahkemeye-Vermeden-Cikarabilir-Mi-2-1024x683.jpeg\" alt=\"\" class=\"wp-image-917\" srcset=\"https:\/\/mulktakibi.com\/blog\/wp-content\/uploads\/2026\/08\/Ev-Sahibi-Kiraciyi-Mahkemeye-Vermeden-Cikarabilir-Mi-2-1024x683.jpeg 1024w, https:\/\/mulktakibi.com\/blog\/wp-content\/uploads\/2026\/08\/Ev-Sahibi-Kiraciyi-Mahkemeye-Vermeden-Cikarabilir-Mi-2-300x200.jpeg 300w, https:\/\/mulktakibi.com\/blog\/wp-content\/uploads\/2026\/08\/Ev-Sahibi-Kiraciyi-Mahkemeye-Vermeden-Cikarabilir-Mi-2-768x512.jpeg 768w, https:\/\/mulktakibi.com\/blog\/wp-content\/uploads\/2026\/08\/Ev-Sahibi-Kiraciyi-Mahkemeye-Vermeden-Cikarabilir-Mi-2.jpeg 1536w\" sizes=\"auto, (max-width: 1024px) 100vw, 1024px\" \/><\/figure>\n\n\n\n<p>Bu bildiriden sonra kirac\u0131lara yasal olarak yeni ev aramalar\u0131 ve b\u00fct\u00e7e planlamalar\u0131 i\u00e7in yasalarda ge\u00e7erli olan s\u00fcre verilir. Ev sahipleri kirac\u0131lar\u0131 tahliye edebilmek i\u00e7in dava a\u00e7arsa s\u00fcre\u00e7 mahkemenin i\u015f y\u00fck\u00fcne g\u00f6re de\u011fi\u015fiklik g\u00f6stermekte ve sonu\u00e7lanma \u00fcresi de bundan etkilenmektedir.<\/p>\n\n\n\n<h2 class=\"wp-block-heading\">Tahliye Davas\u0131<\/h2>\n\n\n\n<p><strong>Tahliye davas\u0131 <\/strong>a\u00e7\u0131lmas\u0131 gereken durumlarda gidilecek mahkeme, m\u00fclk\u00fcn yer ald\u0131\u011f\u0131 b\u00f6lgedeki mahkemelerdir. Duru\u015fma zaman\u0131nda mahkeme taraf\u0131ndan iki taraf\u0131n da beyanlar\u0131 dinlenir ve buna g\u00f6re sonuca var\u0131l\u0131r. Mahkeme boyunca kirac\u0131lar\u0131n ya da ev sahiplerinin s\u00f6zle\u015fmeye uyumsuz davran\u0131\u015flar\u0131 kan\u0131tlar e\u015fli\u011finde sunulmaktad\u0131r. Bu kan\u0131tlar dahilinde s\u00fcrece ili\u015fkin uygulanacak y\u00f6ntemler de farkl\u0131l\u0131k g\u00f6sterebilmektedir.<\/p>\n\n\n\n<p>Kirac\u0131lar evden \u00e7\u0131kmak istemiyorsa mahkeme s\u00fcreci daha da uzayabilmektedir. Genelde tahliye davalar\u0131 t\u00fcm s\u00fcre\u00e7ler d\u00fc\u015f\u00fcn\u00fcld\u00fc\u011f\u00fcnde 3 ya da 6 ay s\u00fcrebilmektedir. Kirac\u0131lar\u0131n oturdu\u011fu yerde bu duruma ili\u015fkin farkl\u0131 yasalar ve h\u00fck\u00fcmler varsa bunlar da dikkate al\u0131nmaktad\u0131r.<\/p>\n\n\n\n<p><strong>Ev sahibi kirac\u0131y\u0131 \u00e7\u0131karabilir mi <\/strong>sorusunun cevab\u0131 evettir ancak neden \u00e7\u0131karmak isteid\u011fine ili\u015fkin net \u015fartlar ve deliller yer almal\u0131d\u0131r. Ev sahipleri hakl\u0131 nedenlerle kirac\u0131n\u0131n tahliyesini talep edebilir. Tahliye i\u00e7in gereken hakl\u0131 sebepler \u015funlard\u0131r:<\/p>\n\n\n\n<ul class=\"wp-block-list\">\n<li>Kirac\u0131 kiras\u0131n\u0131 zaman\u0131nda ve tam olarak \u00f6demiyorsa<\/li>\n\n\n\n<li>Kirac\u0131 evi hor kullan\u0131p demirba\u015flara ve evin yap\u0131s\u0131na zarar veriyorsa<\/li>\n\n\n\n<li>Kirac\u0131lar apartman aidat\u0131 \u00f6demiyor, kom\u015fulara rahats\u0131zl\u0131k veriyor ve sorun \u00e7\u0131kar\u0131yorsa<\/li>\n\n\n\n<li>Ev sahibi evi kendisi, e\u015fi, altsoyu ya da \u00fcstsoyu i\u00e7in kullanmak istiyorsa<\/li>\n\n\n\n<li>Ev i\u00e7inde ya\u015fan\u0131lmayacak kadar b\u00fcy\u00fck bir tadilata girecekse<\/li>\n<\/ul>\n\n\n\n<p>Yasalar hem kirac\u0131lar hem de ev sahipleri i\u00e7in bir g\u00fcvence olu\u015fturmaktad\u0131r. Bu nedenle tahliye davas\u0131 s\u00fcre\u00e7leri \u00fcst\u00fcnk\u00f6r\u00fc ge\u00e7ilebilecek s\u00fcre\u00e7ler olmamakla birlikte anla\u015fmazl\u0131\u011f\u0131n boyutuna ba\u011fl\u0131 olarak farkl\u0131 h\u00fck\u00fcmlere neden olabilir.<\/p>\n\n\n\n<p>Ev sahipleri evi kendilerinin ya da ba\u015fkas\u0131n\u0131n kullan\u0131m\u0131na sunma sebebiyle kirac\u0131lar\u0131 evden \u00e7\u0131kar\u0131rsa evi 3 y\u0131l boyunca ba\u015fkas\u0131na kiralayamamaktad\u0131r. E\u011fer tamirat nedeniyle tahliye ger\u00e7ekle\u015ftiyse bu durumda evin tadilat\u0131 bitti\u011fi zaman eski kirac\u0131lar yeniden evde oturmaya devam edebilir.<\/p>\n\n\n\n<p><a href=\"https:\/\/mulktakibi.com\/blog\/kira-sozlesmesi-iptal-edilirse-ne-olur\/\">Kira S\u00f6zle\u015fmesi \u0130ptal Edilirse Ne Olur?<\/a><\/p>\n\n\n","protected":false},"excerpt":{"rendered":"<p>Ev sahipleri ve kirac\u0131lar pek \u00e7ok durumdan dolay\u0131 mahkemelik olabilmekte ya da aralar\u0131nda \u00e7e\u015fitli anla\u015fmazl\u0131klar \u00e7\u0131kabilmektedir. Bu durumda ev sahibi kirac\u0131y\u0131 mahkemeye vermeden \u00e7\u0131karabilir mi sorusu, \u00f6zellikle dava ve hukuki s\u00fcre\u00e7lerle u\u011fra\u015fmak istemeyen ki\u015filer taraf\u0131ndan ara\u015ft\u0131r\u0131lmaktad\u0131r. Taraflar aras\u0131 yap\u0131lan kira s\u00f6zle\u015fmesiyle birlikte iki taraf\u0131n da haklar\u0131 hukuken g\u00fcvenceye al\u0131\u015fk\u0131n olmaktad\u0131r. Ev sahipleri nedensiz yere kafalar\u0131na [&#8230;]\n","protected":false},"author":2,"featured_media":916,"comment_status":"open","ping_status":"open","sticky":false,"template":"","format":"standard","meta":{"footnotes":""},"categories":[1],"tags":[],"class_list":["post-915","post","type-post","status-publish","format-standard","has-post-thumbnail","hentry","category-genel"],"yoast_head":"<!-- This site is optimized with the Yoast SEO plugin v20.5 - https:\/\/yoast.com\/wordpress\/plugins\/seo\/ -->\n<title>Ev Sahibi Kirac\u0131y\u0131 Mahkemeye Vermeden \u00c7\u0131karabilir Mi? - M\u00fclk Takibi<\/title>\n<meta name=\"description\" content=\"Ev sahibi kirac\u0131y\u0131 mahkemeye vermeden \u00e7\u0131karabilir mi sorusu, \u00f6zellikle dava ve hukuki s\u00fcre\u00e7lerle u\u011fra\u015fmak istemeyen ki\u015filer taraf\u0131ndan ara\u015ft\u0131r\u0131lmaktad\u0131r.\" \/>\n<meta name=\"robots\" content=\"index, follow, max-snippet:-1, max-image-preview:large, max-video-preview:-1\" \/>\n<link rel=\"canonical\" href=\"https:\/\/mulktakibi.com\/blog\/ev-sahibi-kiraciyi-mahkemeye-vermeden-cikarabilir-mi\/\" \/>\n<meta property=\"og:locale\" content=\"tr_TR\" \/>\n<meta property=\"og:type\" content=\"article\" \/>\n<meta property=\"og:title\" content=\"Ev Sahibi Kirac\u0131y\u0131 Mahkemeye Vermeden \u00c7\u0131karabilir Mi? - M\u00fclk Takibi\" \/>\n<meta property=\"og:description\" content=\"Ev sahibi kirac\u0131y\u0131 mahkemeye vermeden \u00e7\u0131karabilir mi sorusu, \u00f6zellikle dava ve hukuki s\u00fcre\u00e7lerle u\u011fra\u015fmak istemeyen ki\u015filer taraf\u0131ndan ara\u015ft\u0131r\u0131lmaktad\u0131r.\" \/>\n<meta property=\"og:url\" content=\"https:\/\/mulktakibi.com\/blog\/ev-sahibi-kiraciyi-mahkemeye-vermeden-cikarabilir-mi\/\" \/>\n<meta property=\"og:site_name\" content=\"M\u00fclk Takibi\" \/>\n<meta property=\"article:publisher\" content=\"https:\/\/www.facebook.com\/mulktakibi\" \/>\n<meta property=\"article:published_time\" content=\"2026-08-31T09:00:00+00:00\" \/>\n<meta property=\"article:modified_time\" content=\"2026-08-30T22:31:23+00:00\" \/>\n<meta property=\"og:image\" content=\"https:\/\/mulktakibi.com\/blog\/wp-content\/uploads\/2026\/08\/Ev-Sahibi-Kiraciyi-Mahkemeye-Vermeden-Cikarabilir-Mi-1.jpeg\" \/>\n\t<meta property=\"og:image:width\" content=\"1536\" \/>\n\t<meta property=\"og:image:height\" content=\"1024\" \/>\n\t<meta property=\"og:image:type\" content=\"image\/jpeg\" \/>\n<meta name=\"author\" content=\"\u015eule Akyol\" \/>\n<meta name=\"twitter:card\" content=\"summary_large_image\" \/>\n<meta name=\"twitter:creator\" content=\"@mulktakibi\" \/>\n<meta name=\"twitter:site\" content=\"@mulktakibi\" \/>\n<meta name=\"twitter:label1\" content=\"Yazan:\" \/>\n\t<meta name=\"twitter:data1\" content=\"\u015eule Akyol\" \/>\n\t<meta name=\"twitter:label2\" content=\"Tahmini okuma s\u00fcresi\" \/>\n\t<meta name=\"twitter:data2\" content=\"4 dakika\" \/>\n<script type=\"application\/ld+json\" class=\"yoast-schema-graph\">{\"@context\":\"https:\/\/schema.org\",\"@graph\":[{\"@type\":\"Article\",\"@id\":\"https:\/\/mulktakibi.com\/blog\/ev-sahibi-kiraciyi-mahkemeye-vermeden-cikarabilir-mi\/#article\",\"isPartOf\":{\"@id\":\"https:\/\/mulktakibi.com\/blog\/ev-sahibi-kiraciyi-mahkemeye-vermeden-cikarabilir-mi\/\"},\"author\":{\"name\":\"\u015eule Akyol\",\"@id\":\"https:\/\/mulktakibi.com\/blog\/#\/schema\/person\/fe857fef554e553559eb568296f6dd43\"},\"headline\":\"Ev Sahibi Kirac\u0131y\u0131 Mahkemeye Vermeden \u00c7\u0131karabilir Mi?\",\"datePublished\":\"2026-08-31T09:00:00+00:00\",\"dateModified\":\"2026-08-30T22:31:23+00:00\",\"mainEntityOfPage\":{\"@id\":\"https:\/\/mulktakibi.com\/blog\/ev-sahibi-kiraciyi-mahkemeye-vermeden-cikarabilir-mi\/\"},\"wordCount\":717,\"commentCount\":0,\"publisher\":{\"@id\":\"https:\/\/mulktakibi.com\/blog\/#organization\"},\"inLanguage\":\"tr\",\"potentialAction\":[{\"@type\":\"CommentAction\",\"name\":\"Comment\",\"target\":[\"https:\/\/mulktakibi.com\/blog\/ev-sahibi-kiraciyi-mahkemeye-vermeden-cikarabilir-mi\/#respond\"]}]},{\"@type\":\"WebPage\",\"@id\":\"https:\/\/mulktakibi.com\/blog\/ev-sahibi-kiraciyi-mahkemeye-vermeden-cikarabilir-mi\/\",\"url\":\"https:\/\/mulktakibi.com\/blog\/ev-sahibi-kiraciyi-mahkemeye-vermeden-cikarabilir-mi\/\",\"name\":\"Ev Sahibi Kirac\u0131y\u0131 Mahkemeye Vermeden \u00c7\u0131karabilir Mi? - M\u00fclk Takibi\",\"isPartOf\":{\"@id\":\"https:\/\/mulktakibi.com\/blog\/#website\"},\"datePublished\":\"2026-08-31T09:00:00+00:00\",\"dateModified\":\"2026-08-30T22:31:23+00:00\",\"description\":\"Ev sahibi kirac\u0131y\u0131 mahkemeye vermeden \u00e7\u0131karabilir mi sorusu, \u00f6zellikle dava ve hukuki s\u00fcre\u00e7lerle u\u011fra\u015fmak istemeyen ki\u015filer taraf\u0131ndan ara\u015ft\u0131r\u0131lmaktad\u0131r.\",\"breadcrumb\":{\"@id\":\"https:\/\/mulktakibi.com\/blog\/ev-sahibi-kiraciyi-mahkemeye-vermeden-cikarabilir-mi\/#breadcrumb\"},\"inLanguage\":\"tr\",\"potentialAction\":[{\"@type\":\"ReadAction\",\"target\":[\"https:\/\/mulktakibi.com\/blog\/ev-sahibi-kiraciyi-mahkemeye-vermeden-cikarabilir-mi\/\"]}]},{\"@type\":\"BreadcrumbList\",\"@id\":\"https:\/\/mulktakibi.com\/blog\/ev-sahibi-kiraciyi-mahkemeye-vermeden-cikarabilir-mi\/#breadcrumb\",\"itemListElement\":[{\"@type\":\"ListItem\",\"position\":1,\"name\":\"Anasayfa\",\"item\":\"https:\/\/mulktakibi.com\/blog\/\"},{\"@type\":\"ListItem\",\"position\":2,\"name\":\"Ev Sahibi Kirac\u0131y\u0131 Mahkemeye Vermeden \u00c7\u0131karabilir Mi?\"}]},{\"@type\":\"WebSite\",\"@id\":\"https:\/\/mulktakibi.com\/blog\/#website\",\"url\":\"https:\/\/mulktakibi.com\/blog\/\",\"name\":\"M\u00fclk Takibi\",\"description\":\"| Online Kira Takip Program\u0131 | Kira Takibi\",\"publisher\":{\"@id\":\"https:\/\/mulktakibi.com\/blog\/#organization\"},\"potentialAction\":[{\"@type\":\"SearchAction\",\"target\":{\"@type\":\"EntryPoint\",\"urlTemplate\":\"https:\/\/mulktakibi.com\/blog\/?s={search_term_string}\"},\"query-input\":\"required name=search_term_string\"}],\"inLanguage\":\"tr\"},{\"@type\":\"Organization\",\"@id\":\"https:\/\/mulktakibi.com\/blog\/#organization\",\"name\":\"M\u00fclk Takibi\",\"url\":\"https:\/\/mulktakibi.com\/blog\/\",\"logo\":{\"@type\":\"ImageObject\",\"inLanguage\":\"tr\",\"@id\":\"https:\/\/mulktakibi.com\/blog\/#\/schema\/logo\/image\/\",\"url\":\"https:\/\/mulktakibi.com\/blog\/wp-content\/uploads\/2022\/12\/logo.png\",\"contentUrl\":\"https:\/\/mulktakibi.com\/blog\/wp-content\/uploads\/2022\/12\/logo.png\",\"width\":300,\"height\":66,\"caption\":\"M\u00fclk Takibi\"},\"image\":{\"@id\":\"https:\/\/mulktakibi.com\/blog\/#\/schema\/logo\/image\/\"},\"sameAs\":[\"https:\/\/www.facebook.com\/mulktakibi\",\"https:\/\/twitter.com\/mulktakibi\",\"https:\/\/www.youtube.com\/channel\/UCZ0qRtwOZ01aeo-vswXKjqQ\",\"https:\/\/www.linkedin.com\/company\/mlk-takibi\/\",\"https:\/\/www.instagram.com\/mulktakibi\/\"]},{\"@type\":\"Person\",\"@id\":\"https:\/\/mulktakibi.com\/blog\/#\/schema\/person\/fe857fef554e553559eb568296f6dd43\",\"name\":\"\u015eule Akyol\",\"image\":{\"@type\":\"ImageObject\",\"inLanguage\":\"tr\",\"@id\":\"https:\/\/mulktakibi.com\/blog\/#\/schema\/person\/image\/\",\"url\":\"https:\/\/secure.gravatar.com\/avatar\/42cd57afda1d2ff6e51d534d996e862ffbf27dc3d8391abac3f6a9a9186b037a?s=96&d=mm&r=g\",\"contentUrl\":\"https:\/\/secure.gravatar.com\/avatar\/42cd57afda1d2ff6e51d534d996e862ffbf27dc3d8391abac3f6a9a9186b037a?s=96&d=mm&r=g\",\"caption\":\"\u015eule Akyol\"},\"sameAs\":[\"https:\/\/mulktakibi.com\"],\"url\":\"https:\/\/mulktakibi.com\/blog\/author\/suleakyol\/\"}]}<\/script>\n<!-- \/ Yoast SEO plugin. -->","yoast_head_json":{"title":"Ev Sahibi Kirac\u0131y\u0131 Mahkemeye Vermeden \u00c7\u0131karabilir Mi? - M\u00fclk Takibi","description":"Ev sahibi kirac\u0131y\u0131 mahkemeye vermeden \u00e7\u0131karabilir mi sorusu, \u00f6zellikle dava ve hukuki s\u00fcre\u00e7lerle u\u011fra\u015fmak istemeyen ki\u015filer taraf\u0131ndan ara\u015ft\u0131r\u0131lmaktad\u0131r.","robots":{"index":"index","follow":"follow","max-snippet":"max-snippet:-1","max-image-preview":"max-image-preview:large","max-video-preview":"max-video-preview:-1"},"canonical":"https:\/\/mulktakibi.com\/blog\/ev-sahibi-kiraciyi-mahkemeye-vermeden-cikarabilir-mi\/","og_locale":"tr_TR","og_type":"article","og_title":"Ev Sahibi Kirac\u0131y\u0131 Mahkemeye Vermeden \u00c7\u0131karabilir Mi? - M\u00fclk Takibi","og_description":"Ev sahibi kirac\u0131y\u0131 mahkemeye vermeden \u00e7\u0131karabilir mi sorusu, \u00f6zellikle dava ve hukuki s\u00fcre\u00e7lerle u\u011fra\u015fmak istemeyen ki\u015filer taraf\u0131ndan ara\u015ft\u0131r\u0131lmaktad\u0131r.","og_url":"https:\/\/mulktakibi.com\/blog\/ev-sahibi-kiraciyi-mahkemeye-vermeden-cikarabilir-mi\/","og_site_name":"M\u00fclk Takibi","article_publisher":"https:\/\/www.facebook.com\/mulktakibi","article_published_time":"2026-08-31T09:00:00+00:00","article_modified_time":"2026-08-30T22:31:23+00:00","og_image":[{"width":1536,"height":1024,"url":"https:\/\/mulktakibi.com\/blog\/wp-content\/uploads\/2026\/08\/Ev-Sahibi-Kiraciyi-Mahkemeye-Vermeden-Cikarabilir-Mi-1.jpeg","type":"image\/jpeg"}],"author":"\u015eule Akyol","twitter_card":"summary_large_image","twitter_creator":"@mulktakibi","twitter_site":"@mulktakibi","twitter_misc":{"Yazan:":"\u015eule Akyol","Tahmini okuma s\u00fcresi":"4 dakika"},"schema":{"@context":"https:\/\/schema.org","@graph":[{"@type":"Article","@id":"https:\/\/mulktakibi.com\/blog\/ev-sahibi-kiraciyi-mahkemeye-vermeden-cikarabilir-mi\/#article","isPartOf":{"@id":"https:\/\/mulktakibi.com\/blog\/ev-sahibi-kiraciyi-mahkemeye-vermeden-cikarabilir-mi\/"},"author":{"name":"\u015eule Akyol","@id":"https:\/\/mulktakibi.com\/blog\/#\/schema\/person\/fe857fef554e553559eb568296f6dd43"},"headline":"Ev Sahibi Kirac\u0131y\u0131 Mahkemeye Vermeden \u00c7\u0131karabilir Mi?","datePublished":"2026-08-31T09:00:00+00:00","dateModified":"2026-08-30T22:31:23+00:00","mainEntityOfPage":{"@id":"https:\/\/mulktakibi.com\/blog\/ev-sahibi-kiraciyi-mahkemeye-vermeden-cikarabilir-mi\/"},"wordCount":717,"commentCount":0,"publisher":{"@id":"https:\/\/mulktakibi.com\/blog\/#organization"},"inLanguage":"tr","potentialAction":[{"@type":"CommentAction","name":"Comment","target":["https:\/\/mulktakibi.com\/blog\/ev-sahibi-kiraciyi-mahkemeye-vermeden-cikarabilir-mi\/#respond"]}]},{"@type":"WebPage","@id":"https:\/\/mulktakibi.com\/blog\/ev-sahibi-kiraciyi-mahkemeye-vermeden-cikarabilir-mi\/","url":"https:\/\/mulktakibi.com\/blog\/ev-sahibi-kiraciyi-mahkemeye-vermeden-cikarabilir-mi\/","name":"Ev Sahibi Kirac\u0131y\u0131 Mahkemeye Vermeden \u00c7\u0131karabilir Mi? - M\u00fclk Takibi","isPartOf":{"@id":"https:\/\/mulktakibi.com\/blog\/#website"},"datePublished":"2026-08-31T09:00:00+00:00","dateModified":"2026-08-30T22:31:23+00:00","description":"Ev sahibi kirac\u0131y\u0131 mahkemeye vermeden \u00e7\u0131karabilir mi sorusu, \u00f6zellikle dava ve hukuki s\u00fcre\u00e7lerle u\u011fra\u015fmak istemeyen ki\u015filer taraf\u0131ndan ara\u015ft\u0131r\u0131lmaktad\u0131r.","breadcrumb":{"@id":"https:\/\/mulktakibi.com\/blog\/ev-sahibi-kiraciyi-mahkemeye-vermeden-cikarabilir-mi\/#breadcrumb"},"inLanguage":"tr","potentialAction":[{"@type":"ReadAction","target":["https:\/\/mulktakibi.com\/blog\/ev-sahibi-kiraciyi-mahkemeye-vermeden-cikarabilir-mi\/"]}]},{"@type":"BreadcrumbList","@id":"https:\/\/mulktakibi.com\/blog\/ev-sahibi-kiraciyi-mahkemeye-vermeden-cikarabilir-mi\/#breadcrumb","itemListElement":[{"@type":"ListItem","position":1,"name":"Anasayfa","item":"https:\/\/mulktakibi.com\/blog\/"},{"@type":"ListItem","position":2,"name":"Ev Sahibi Kirac\u0131y\u0131 Mahkemeye Vermeden \u00c7\u0131karabilir Mi?"}]},{"@type":"WebSite","@id":"https:\/\/mulktakibi.com\/blog\/#website","url":"https:\/\/mulktakibi.com\/blog\/","name":"M\u00fclk Takibi","description":"| Online Kira Takip Program\u0131 | Kira Takibi","publisher":{"@id":"https:\/\/mulktakibi.com\/blog\/#organization"},"potentialAction":[{"@type":"SearchAction","target":{"@type":"EntryPoint","urlTemplate":"https:\/\/mulktakibi.com\/blog\/?s={search_term_string}"},"query-input":"required name=search_term_string"}],"inLanguage":"tr"},{"@type":"Organization","@id":"https:\/\/mulktakibi.com\/blog\/#organization","name":"M\u00fclk Takibi","url":"https:\/\/mulktakibi.com\/blog\/","logo":{"@type":"ImageObject","inLanguage":"tr","@id":"https:\/\/mulktakibi.com\/blog\/#\/schema\/logo\/image\/","url":"https:\/\/mulktakibi.com\/blog\/wp-content\/uploads\/2022\/12\/logo.png","contentUrl":"https:\/\/mulktakibi.com\/blog\/wp-content\/uploads\/2022\/12\/logo.png","width":300,"height":66,"caption":"M\u00fclk Takibi"},"image":{"@id":"https:\/\/mulktakibi.com\/blog\/#\/schema\/logo\/image\/"},"sameAs":["https:\/\/www.facebook.com\/mulktakibi","https:\/\/twitter.com\/mulktakibi","https:\/\/www.youtube.com\/channel\/UCZ0qRtwOZ01aeo-vswXKjqQ","https:\/\/www.linkedin.com\/company\/mlk-takibi\/","https:\/\/www.instagram.com\/mulktakibi\/"]},{"@type":"Person","@id":"https:\/\/mulktakibi.com\/blog\/#\/schema\/person\/fe857fef554e553559eb568296f6dd43","name":"\u015eule Akyol","image":{"@type":"ImageObject","inLanguage":"tr","@id":"https:\/\/mulktakibi.com\/blog\/#\/schema\/person\/image\/","url":"https:\/\/secure.gravatar.com\/avatar\/42cd57afda1d2ff6e51d534d996e862ffbf27dc3d8391abac3f6a9a9186b037a?s=96&d=mm&r=g","contentUrl":"https:\/\/secure.gravatar.com\/avatar\/42cd57afda1d2ff6e51d534d996e862ffbf27dc3d8391abac3f6a9a9186b037a?s=96&d=mm&r=g","caption":"\u015eule Akyol"},"sameAs":["https:\/\/mulktakibi.com"],"url":"https:\/\/mulktakibi.com\/blog\/author\/suleakyol\/"}]}},"_links":{"self":[{"href":"https:\/\/mulktakibi.com\/blog\/wp-json\/wp\/v2\/posts\/915","targetHints":{"allow":["GET"]}}],"collection":[{"href":"https:\/\/mulktakibi.com\/blog\/wp-json\/wp\/v2\/posts"}],"about":[{"href":"https:\/\/mulktakibi.com\/blog\/wp-json\/wp\/v2\/types\/post"}],"author":[{"embeddable":true,"href":"https:\/\/mulktakibi.com\/blog\/wp-json\/wp\/v2\/users\/2"}],"replies":[{"embeddable":true,"href":"https:\/\/mulktakibi.com\/blog\/wp-json\/wp\/v2\/comments?post=915"}],"version-history":[{"count":1,"href":"https:\/\/mulktakibi.com\/blog\/wp-json\/wp\/v2\/posts\/915\/revisions"}],"predecessor-version":[{"id":918,"href":"https:\/\/mulktakibi.com\/blog\/wp-json\/wp\/v2\/posts\/915\/revisions\/918"}],"wp:featuredmedia":[{"embeddable":true,"href":"https:\/\/mulktakibi.com\/blog\/wp-json\/wp\/v2\/media\/916"}],"wp:attachment":[{"href":"https:\/\/mulktakibi.com\/blog\/wp-json\/wp\/v2\/media?parent=915"}],"wp:term":[{"taxonomy":"category","embeddable":true,"href":"https:\/\/mulktakibi.com\/blog\/wp-json\/wp\/v2\/categories?post=915"},{"taxonomy":"post_tag","embeddable":true,"href":"https:\/\/mulktakibi.com\/blog\/wp-json\/wp\/v2\/tags?post=915"}],"curies":[{"name":"wp","href":"https:\/\/api.w.org\/{rel}","templated":true}]}}