{"id":700,"date":"2026-04-25T12:00:00","date_gmt":"2026-04-25T09:00:00","guid":{"rendered":"https:\/\/mulktakibi.com\/blog\/?p=700"},"modified":"2026-04-25T11:16:19","modified_gmt":"2026-04-25T08:16:19","slug":"kira-bedeli-elden-odenirse-cezasi-var-mi","status":"publish","type":"post","link":"https:\/\/mulktakibi.com\/blog\/kira-bedeli-elden-odenirse-cezasi-var-mi\/","title":{"rendered":"Kira Bedeli Elden \u00d6denirse Cezas\u0131 Var M\u0131?"},"content":{"rendered":"\n<p>Kira \u00f6demeleri hakk\u0131nda yap\u0131lan d\u00fczenlemelerden sonra <strong>kira bedeli elden \u00f6denirse cezas\u0131 var m\u0131 <\/strong>sorusu ara\u015ft\u0131r\u0131lmaya ba\u015flanm\u0131\u015ft\u0131r. Gelir Vergisi Genel Tebli\u011fi, kira bedellerinin banka ya da PTT ile yat\u0131r\u0131lmas\u0131n\u0131 zorunlu k\u0131lm\u0131\u015ft\u0131r. Aks\u0131 durumlarda a\u011f\u0131r yapt\u0131r\u0131mlar uygulanaca\u011f\u0131 belirtilmi\u015ftir. Bu d\u00fczenlemeyle birlikte vergi kay\u0131plar\u0131n\u0131 \u00f6nleyip kira \u00f6demelerinin hukuki olarak g\u00fcvence alt\u0131na al\u0131nmas\u0131 sa\u011flanm\u0131\u015ft\u0131r.<\/p>\n\n\n\n<p><strong>Kira elden \u00f6denir mi <\/strong>ya da elden \u00f6denmeli mi gibi sorular hem kirac\u0131lar hem de ev sahipleri aras\u0131nda merak edilmektedir. 17.10.2024 tarihli Resmi Gazete\u2019de yay\u0131mlananlara g\u00f6re bu uygulama 2026\u2019da y\u00fcr\u00fcrl\u00fc\u011fe girdi. Gelir Vergisi Gel Tebli\u011fi\u2019ne g\u00f6re i\u015f yeri, konut ve k\u0131sa s\u00fcreli g\u00fcnl\u00fck ya da haftal\u0131k kiralamalarda t\u00fcm kira \u00f6demeleri sadece banka ya da PTT arac\u0131l\u0131\u011f\u0131yla ger\u00e7ekle\u015ftirilmektedir.<\/p>\n\n\n\n<p>Bankadan \u00f6demeyip elden \u00f6deme yapan ya da alan ki\u015filere, s\u00f6z konusu olan kira bedelinin %10\u2019u kadar \u00d6zel Usuls\u00fczl\u00fck Cezas\u0131 kesilmektedir. Bu ceza hukuken idari ceza paras\u0131 olarak de\u011fil, vergi kanunlar\u0131na tabi bir cezad\u0131r.<\/p>\n\n\n\n<h2 class=\"wp-block-heading\">Kira Elden \u00d6deme Cezas\u0131<\/h2>\n\n\n\n<p><strong>Kira elden \u00f6deme cezas\u0131 <\/strong>m\u00fckellef t\u00fcr\u00fcne g\u00f6re belirlenmektedir. 2026 y\u0131l\u0131 Yeniden De\u011ferlendirme Oran\u0131na g\u00f6re asgari usuls\u00fczl\u00fck cezalar\u0131 belirlenmi\u015ftir. Bunla \u015funlard\u0131r:<\/p>\n\n\n\n<ul class=\"wp-block-list\">\n<li>Nihai T\u00fcketici ve Konut Kirac\u0131lar\u0131 &#8211; 7.500 TL<\/li>\n\n\n\n<li>\u0130kinci S\u0131n\u0131f T\u00fcccarlar ve Basit Usulde Kazan\u00e7 Sahipleri \u2013 15.000 TL<\/li>\n\n\n\n<li>Birinci S\u0131n\u0131f T\u00fcccarlar ve Serbest Meslek Erbaplar\u0131 &#8211; 30.000 TL<\/li>\n<\/ul>\n\n\n\n<p>Bir takvim y\u0131l\u0131 ininde bu kapsamda kesilen cezalar\u0131n toplam\u0131 2026 i\u00e7in belirlenen y\u0131ll\u0131k \u00fcst s\u0131n\u0131r\u0131 ge\u00e7memektedir.<\/p>\n\n\n\n<p><strong>Kira \u00f6demesi banka zorunlulu\u011fu <\/strong>bir yandan kirac\u0131larla ev sahipleri aras\u0131nda ya\u015fanabilecek anla\u015fmazl\u0131klar\u0131n \u00f6n\u00fcne ge\u00e7mek i\u00e7in de \u00e7ok \u00f6nemlidir. \u00d6rne\u011fin ev sahibi elen ald\u0131\u011f\u0131 kiran\u0131n eksik oldu\u011funu dile getirerek kirac\u0131ya ihtarname g\u00f6nderebilir. Bunun yan\u0131 s\u0131ra kirac\u0131n\u0131n elinde kiray\u0131 \u00f6dedi\u011fine dair bir delil olmayaca\u011f\u0131ndan tats\u0131z bir duruma d\u00fc\u015febilir.<\/p>\n\n\n\n<p>Banka ile yap\u0131lan \u00f6demeler sayesinde hem bankan\u0131n ge\u00e7mi\u015f hesap hareketlerinden kirac\u0131 kiray\u0131 tam ve zaman\u0131nda g\u00f6nderdi\u011fini kan\u0131tlayabilir hem de iki taraf da zor duruma d\u00fc\u015fmekten kurtulur. Ev sahipleri zaman zaman gelir vergisi \u00f6dememek amac\u0131yla kiray\u0131 elden talep edebilmektedir. Ancak bu hem ileride cezai i\u015flem uygulanmas\u0131na hem de kirac\u0131lar\u0131n s\u0131k\u0131nt\u0131ya d\u00fc\u015fmesine neden olabilir.<\/p>\n\n\n\n<h2 class=\"wp-block-heading\">Kira \u00d6deme Kanunu<\/h2>\n\n\n\n<p><strong>Kira \u00f6deme kanunu <\/strong>ile yap\u0131lan d\u00fczenlemelere g\u00f6re kirac\u0131lar elden \u00f6deme yapmaya zorladn\u0131klar\u0131nda ya da elden \u00f6deme yapt\u0131klar\u0131 durumda cezadan muaf tutulabilmektedirler. Bunun i\u00e7in gerekli \u015fartlar:<\/p>\n\n\n\n<ul class=\"wp-block-list\">\n<li>\u00d6demenin yap\u0131ld\u0131\u011f\u0131 tarihten itibaren en ge\u00e7 5 i\u015f g\u00fcn\u00fc i\u00e7inde bu durumu ilgili yerlere bildirmelidir.<\/li>\n\n\n\n<li>Vergi dairesi durumu kendisi tespit etmeden \u00f6nce mutlaka kirac\u0131lar durumu ihbar etmelidir.<\/li>\n\n\n\n<li>2026 y\u0131l\u0131yla kirac\u0131lar bu bildirimi direkt e-Devlet ya da Dijital Vergi Dairesi \u00fczerinden ger\u00e7ekle\u015ftirebilirler.<\/li>\n<\/ul>\n\n\n\n<p><strong>Kira \u00f6deme \u015fekli <\/strong>\u00e7ok \u00f6nemlidir. Kirac\u0131lar mutlaka ev sahiplerinin ad\u0131na olan IBAN hesaplar\u0131n d\u00fczenli \u00f6demelerini yapmal\u0131d\u0131rlar. Bu zorunluluk yaln\u0131zca kira ile s\u0131n\u0131rl\u0131 kalmamaktad\u0131r. T\u00fcrk Bor\u00e7lar Kanunu madde 342\u2019ye g\u00f6re g\u00fcvence bedeli yani depozito \u00f6demeleri de ayn\u0131 \u015fekilde vadeli bir tasarruf hesab\u0131na yat\u0131r\u0131lmal\u0131d\u0131r. Bu paraya iki taraf da dokunamaz. Elden al\u0131nan depozitolarda da cezai i\u015flemler uygulanmaktad\u0131r.<\/p>\n\n\n\n<p>Kiray\u0131 elden \u00f6demek iki taraf i\u00e7in de \u015fu sorunlara neden olur:<\/p>\n\n\n\n<ul class=\"wp-block-list\">\n<li>Kirac\u0131 \u00f6deme yapt\u0131\u011f\u0131 halde bunu resmi \u015fekilde ispat edemezse bu durumda ev sahibi kiras\u0131n\u0131 almad\u0131\u011f\u0131n\u0131 gerek\u00e7e g\u00f6stererek kirac\u0131ya tazminat davas\u0131 a\u00e7abilir.<\/li>\n\n\n\n<li>Elden kira verildi\u011fi vergi dairesi taraf\u0131ndan tespit edilirse en az 7.5000 TLden ba\u015flamak \u00fczere cezai yapt\u0131r\u0131mlar uygulan\u0131r.<\/li>\n\n\n\n<li>Banka dekontu, kira \u00f6demelerinin en net delilleri aras\u0131ndad\u0131r. Banka d\u0131\u015f\u0131nda yap\u0131lan elden \u00f6demeler g\u00fcvensizli\u011fe neden olur.<\/li>\n\n\n\n<li>Kira gelirlerinin gizlenmesi, vergi ka\u00e7\u0131rma su\u00e7una neden olur ve ev sahipleri faizli vergi cezalar\u0131yla kar\u015f\u0131la\u015fabilirler.<\/li>\n<\/ul>\n\n\n\n<p><a href=\"https:\/\/mulktakibi.com\/blog\/kira-artis-orani-her-yil-degisir-mi\/\">Kira Art\u0131\u015f Oran\u0131 Her Y\u0131l De\u011fi\u015fir Mi?<\/a><br><\/p>\n\n\n","protected":false},"excerpt":{"rendered":"<p>Kira \u00f6demeleri hakk\u0131nda yap\u0131lan d\u00fczenlemelerden sonra kira bedeli elden \u00f6denirse cezas\u0131 var m\u0131 sorusu ara\u015ft\u0131r\u0131lmaya ba\u015flanm\u0131\u015ft\u0131r. Gelir Vergisi Genel Tebli\u011fi, kira bedellerinin banka ya da PTT ile yat\u0131r\u0131lmas\u0131n\u0131 zorunlu k\u0131lm\u0131\u015ft\u0131r. Aks\u0131 durumlarda a\u011f\u0131r yapt\u0131r\u0131mlar uygulanaca\u011f\u0131 belirtilmi\u015ftir. Bu d\u00fczenlemeyle birlikte vergi kay\u0131plar\u0131n\u0131 \u00f6nleyip kira \u00f6demelerinin hukuki olarak g\u00fcvence alt\u0131na al\u0131nmas\u0131 sa\u011flanm\u0131\u015ft\u0131r. Kira elden \u00f6denir mi ya [&#8230;]\n","protected":false},"author":2,"featured_media":701,"comment_status":"open","ping_status":"open","sticky":false,"template":"","format":"standard","meta":{"footnotes":""},"categories":[1],"tags":[],"class_list":["post-700","post","type-post","status-publish","format-standard","has-post-thumbnail","hentry","category-genel"],"yoast_head":"<!-- This site is optimized with the Yoast SEO plugin v20.5 - https:\/\/yoast.com\/wordpress\/plugins\/seo\/ -->\n<title>Kira Bedeli Elden \u00d6denirse Cezas\u0131 Var M\u0131? - M\u00fclk Takibi<\/title>\n<meta name=\"description\" content=\"Kira bedeli elden \u00f6denirse cezas\u0131 var m\u0131?\u201d sorusu, kira \u00f6demelerinin nas\u0131l yap\u0131lmas\u0131 gerekti\u011fi ve bu i\u015flemlerin yasal sonu\u00e7lar\u0131n\u0131 kapsar.\" \/>\n<meta name=\"robots\" content=\"index, follow, max-snippet:-1, max-image-preview:large, max-video-preview:-1\" \/>\n<link rel=\"canonical\" href=\"https:\/\/mulktakibi.com\/blog\/kira-bedeli-elden-odenirse-cezasi-var-mi\/\" \/>\n<meta property=\"og:locale\" content=\"tr_TR\" \/>\n<meta property=\"og:type\" content=\"article\" \/>\n<meta property=\"og:title\" content=\"Kira Bedeli Elden \u00d6denirse Cezas\u0131 Var M\u0131? - M\u00fclk Takibi\" \/>\n<meta property=\"og:description\" content=\"Kira bedeli elden \u00f6denirse cezas\u0131 var m\u0131?\u201d sorusu, kira \u00f6demelerinin nas\u0131l yap\u0131lmas\u0131 gerekti\u011fi ve bu i\u015flemlerin yasal sonu\u00e7lar\u0131n\u0131 kapsar.\" \/>\n<meta property=\"og:url\" content=\"https:\/\/mulktakibi.com\/blog\/kira-bedeli-elden-odenirse-cezasi-var-mi\/\" \/>\n<meta property=\"og:site_name\" content=\"M\u00fclk Takibi\" \/>\n<meta property=\"article:publisher\" content=\"https:\/\/www.facebook.com\/mulktakibi\" \/>\n<meta property=\"article:published_time\" content=\"2026-04-25T09:00:00+00:00\" \/>\n<meta property=\"article:modified_time\" content=\"2026-04-25T08:16:19+00:00\" \/>\n<meta property=\"og:image\" content=\"https:\/\/mulktakibi.com\/blog\/wp-content\/uploads\/2026\/04\/Kira-Bedeli-Elden-Odenirse-Cezasi-Var-Mi.jpeg\" \/>\n\t<meta property=\"og:image:width\" content=\"1536\" \/>\n\t<meta property=\"og:image:height\" content=\"1024\" \/>\n\t<meta property=\"og:image:type\" content=\"image\/jpeg\" \/>\n<meta name=\"author\" content=\"\u015eule Akyol\" \/>\n<meta name=\"twitter:card\" content=\"summary_large_image\" \/>\n<meta name=\"twitter:creator\" content=\"@mulktakibi\" \/>\n<meta name=\"twitter:site\" content=\"@mulktakibi\" \/>\n<meta name=\"twitter:label1\" content=\"Yazan:\" \/>\n\t<meta name=\"twitter:data1\" content=\"\u015eule Akyol\" \/>\n\t<meta name=\"twitter:label2\" content=\"Tahmini okuma s\u00fcresi\" \/>\n\t<meta name=\"twitter:data2\" content=\"4 dakika\" \/>\n<script type=\"application\/ld+json\" class=\"yoast-schema-graph\">{\"@context\":\"https:\/\/schema.org\",\"@graph\":[{\"@type\":\"Article\",\"@id\":\"https:\/\/mulktakibi.com\/blog\/kira-bedeli-elden-odenirse-cezasi-var-mi\/#article\",\"isPartOf\":{\"@id\":\"https:\/\/mulktakibi.com\/blog\/kira-bedeli-elden-odenirse-cezasi-var-mi\/\"},\"author\":{\"name\":\"\u015eule Akyol\",\"@id\":\"https:\/\/mulktakibi.com\/blog\/#\/schema\/person\/fe857fef554e553559eb568296f6dd43\"},\"headline\":\"Kira Bedeli Elden \u00d6denirse Cezas\u0131 Var M\u0131?\",\"datePublished\":\"2026-04-25T09:00:00+00:00\",\"dateModified\":\"2026-04-25T08:16:19+00:00\",\"mainEntityOfPage\":{\"@id\":\"https:\/\/mulktakibi.com\/blog\/kira-bedeli-elden-odenirse-cezasi-var-mi\/\"},\"wordCount\":705,\"commentCount\":0,\"publisher\":{\"@id\":\"https:\/\/mulktakibi.com\/blog\/#organization\"},\"inLanguage\":\"tr\",\"potentialAction\":[{\"@type\":\"CommentAction\",\"name\":\"Comment\",\"target\":[\"https:\/\/mulktakibi.com\/blog\/kira-bedeli-elden-odenirse-cezasi-var-mi\/#respond\"]}]},{\"@type\":\"WebPage\",\"@id\":\"https:\/\/mulktakibi.com\/blog\/kira-bedeli-elden-odenirse-cezasi-var-mi\/\",\"url\":\"https:\/\/mulktakibi.com\/blog\/kira-bedeli-elden-odenirse-cezasi-var-mi\/\",\"name\":\"Kira Bedeli Elden \u00d6denirse Cezas\u0131 Var M\u0131? - M\u00fclk Takibi\",\"isPartOf\":{\"@id\":\"https:\/\/mulktakibi.com\/blog\/#website\"},\"datePublished\":\"2026-04-25T09:00:00+00:00\",\"dateModified\":\"2026-04-25T08:16:19+00:00\",\"description\":\"Kira bedeli elden \u00f6denirse cezas\u0131 var m\u0131?\u201d sorusu, kira \u00f6demelerinin nas\u0131l yap\u0131lmas\u0131 gerekti\u011fi ve bu i\u015flemlerin yasal sonu\u00e7lar\u0131n\u0131 kapsar.\",\"breadcrumb\":{\"@id\":\"https:\/\/mulktakibi.com\/blog\/kira-bedeli-elden-odenirse-cezasi-var-mi\/#breadcrumb\"},\"inLanguage\":\"tr\",\"potentialAction\":[{\"@type\":\"ReadAction\",\"target\":[\"https:\/\/mulktakibi.com\/blog\/kira-bedeli-elden-odenirse-cezasi-var-mi\/\"]}]},{\"@type\":\"BreadcrumbList\",\"@id\":\"https:\/\/mulktakibi.com\/blog\/kira-bedeli-elden-odenirse-cezasi-var-mi\/#breadcrumb\",\"itemListElement\":[{\"@type\":\"ListItem\",\"position\":1,\"name\":\"Anasayfa\",\"item\":\"https:\/\/mulktakibi.com\/blog\/\"},{\"@type\":\"ListItem\",\"position\":2,\"name\":\"Kira Bedeli Elden \u00d6denirse Cezas\u0131 Var M\u0131?\"}]},{\"@type\":\"WebSite\",\"@id\":\"https:\/\/mulktakibi.com\/blog\/#website\",\"url\":\"https:\/\/mulktakibi.com\/blog\/\",\"name\":\"M\u00fclk Takibi\",\"description\":\"| Online Kira Takip Program\u0131 | Kira Takibi\",\"publisher\":{\"@id\":\"https:\/\/mulktakibi.com\/blog\/#organization\"},\"potentialAction\":[{\"@type\":\"SearchAction\",\"target\":{\"@type\":\"EntryPoint\",\"urlTemplate\":\"https:\/\/mulktakibi.com\/blog\/?s={search_term_string}\"},\"query-input\":\"required name=search_term_string\"}],\"inLanguage\":\"tr\"},{\"@type\":\"Organization\",\"@id\":\"https:\/\/mulktakibi.com\/blog\/#organization\",\"name\":\"M\u00fclk Takibi\",\"url\":\"https:\/\/mulktakibi.com\/blog\/\",\"logo\":{\"@type\":\"ImageObject\",\"inLanguage\":\"tr\",\"@id\":\"https:\/\/mulktakibi.com\/blog\/#\/schema\/logo\/image\/\",\"url\":\"https:\/\/mulktakibi.com\/blog\/wp-content\/uploads\/2022\/12\/logo.png\",\"contentUrl\":\"https:\/\/mulktakibi.com\/blog\/wp-content\/uploads\/2022\/12\/logo.png\",\"width\":300,\"height\":66,\"caption\":\"M\u00fclk Takibi\"},\"image\":{\"@id\":\"https:\/\/mulktakibi.com\/blog\/#\/schema\/logo\/image\/\"},\"sameAs\":[\"https:\/\/www.facebook.com\/mulktakibi\",\"https:\/\/twitter.com\/mulktakibi\",\"https:\/\/www.youtube.com\/channel\/UCZ0qRtwOZ01aeo-vswXKjqQ\",\"https:\/\/www.linkedin.com\/company\/mlk-takibi\/\",\"https:\/\/www.instagram.com\/mulktakibi\/\"]},{\"@type\":\"Person\",\"@id\":\"https:\/\/mulktakibi.com\/blog\/#\/schema\/person\/fe857fef554e553559eb568296f6dd43\",\"name\":\"\u015eule Akyol\",\"image\":{\"@type\":\"ImageObject\",\"inLanguage\":\"tr\",\"@id\":\"https:\/\/mulktakibi.com\/blog\/#\/schema\/person\/image\/\",\"url\":\"https:\/\/secure.gravatar.com\/avatar\/42cd57afda1d2ff6e51d534d996e862ffbf27dc3d8391abac3f6a9a9186b037a?s=96&d=mm&r=g\",\"contentUrl\":\"https:\/\/secure.gravatar.com\/avatar\/42cd57afda1d2ff6e51d534d996e862ffbf27dc3d8391abac3f6a9a9186b037a?s=96&d=mm&r=g\",\"caption\":\"\u015eule Akyol\"},\"sameAs\":[\"https:\/\/mulktakibi.com\"],\"url\":\"https:\/\/mulktakibi.com\/blog\/author\/suleakyol\/\"}]}<\/script>\n<!-- \/ Yoast SEO plugin. -->","yoast_head_json":{"title":"Kira Bedeli Elden \u00d6denirse Cezas\u0131 Var M\u0131? - M\u00fclk Takibi","description":"Kira bedeli elden \u00f6denirse cezas\u0131 var m\u0131?\u201d sorusu, kira \u00f6demelerinin nas\u0131l yap\u0131lmas\u0131 gerekti\u011fi ve bu i\u015flemlerin yasal sonu\u00e7lar\u0131n\u0131 kapsar.","robots":{"index":"index","follow":"follow","max-snippet":"max-snippet:-1","max-image-preview":"max-image-preview:large","max-video-preview":"max-video-preview:-1"},"canonical":"https:\/\/mulktakibi.com\/blog\/kira-bedeli-elden-odenirse-cezasi-var-mi\/","og_locale":"tr_TR","og_type":"article","og_title":"Kira Bedeli Elden \u00d6denirse Cezas\u0131 Var M\u0131? - M\u00fclk Takibi","og_description":"Kira bedeli elden \u00f6denirse cezas\u0131 var m\u0131?\u201d sorusu, kira \u00f6demelerinin nas\u0131l yap\u0131lmas\u0131 gerekti\u011fi ve bu i\u015flemlerin yasal sonu\u00e7lar\u0131n\u0131 kapsar.","og_url":"https:\/\/mulktakibi.com\/blog\/kira-bedeli-elden-odenirse-cezasi-var-mi\/","og_site_name":"M\u00fclk Takibi","article_publisher":"https:\/\/www.facebook.com\/mulktakibi","article_published_time":"2026-04-25T09:00:00+00:00","article_modified_time":"2026-04-25T08:16:19+00:00","og_image":[{"width":1536,"height":1024,"url":"https:\/\/mulktakibi.com\/blog\/wp-content\/uploads\/2026\/04\/Kira-Bedeli-Elden-Odenirse-Cezasi-Var-Mi.jpeg","type":"image\/jpeg"}],"author":"\u015eule Akyol","twitter_card":"summary_large_image","twitter_creator":"@mulktakibi","twitter_site":"@mulktakibi","twitter_misc":{"Yazan:":"\u015eule Akyol","Tahmini okuma s\u00fcresi":"4 dakika"},"schema":{"@context":"https:\/\/schema.org","@graph":[{"@type":"Article","@id":"https:\/\/mulktakibi.com\/blog\/kira-bedeli-elden-odenirse-cezasi-var-mi\/#article","isPartOf":{"@id":"https:\/\/mulktakibi.com\/blog\/kira-bedeli-elden-odenirse-cezasi-var-mi\/"},"author":{"name":"\u015eule Akyol","@id":"https:\/\/mulktakibi.com\/blog\/#\/schema\/person\/fe857fef554e553559eb568296f6dd43"},"headline":"Kira Bedeli Elden \u00d6denirse Cezas\u0131 Var M\u0131?","datePublished":"2026-04-25T09:00:00+00:00","dateModified":"2026-04-25T08:16:19+00:00","mainEntityOfPage":{"@id":"https:\/\/mulktakibi.com\/blog\/kira-bedeli-elden-odenirse-cezasi-var-mi\/"},"wordCount":705,"commentCount":0,"publisher":{"@id":"https:\/\/mulktakibi.com\/blog\/#organization"},"inLanguage":"tr","potentialAction":[{"@type":"CommentAction","name":"Comment","target":["https:\/\/mulktakibi.com\/blog\/kira-bedeli-elden-odenirse-cezasi-var-mi\/#respond"]}]},{"@type":"WebPage","@id":"https:\/\/mulktakibi.com\/blog\/kira-bedeli-elden-odenirse-cezasi-var-mi\/","url":"https:\/\/mulktakibi.com\/blog\/kira-bedeli-elden-odenirse-cezasi-var-mi\/","name":"Kira Bedeli Elden \u00d6denirse Cezas\u0131 Var M\u0131? - M\u00fclk Takibi","isPartOf":{"@id":"https:\/\/mulktakibi.com\/blog\/#website"},"datePublished":"2026-04-25T09:00:00+00:00","dateModified":"2026-04-25T08:16:19+00:00","description":"Kira bedeli elden \u00f6denirse cezas\u0131 var m\u0131?\u201d sorusu, kira \u00f6demelerinin nas\u0131l yap\u0131lmas\u0131 gerekti\u011fi ve bu i\u015flemlerin yasal sonu\u00e7lar\u0131n\u0131 kapsar.","breadcrumb":{"@id":"https:\/\/mulktakibi.com\/blog\/kira-bedeli-elden-odenirse-cezasi-var-mi\/#breadcrumb"},"inLanguage":"tr","potentialAction":[{"@type":"ReadAction","target":["https:\/\/mulktakibi.com\/blog\/kira-bedeli-elden-odenirse-cezasi-var-mi\/"]}]},{"@type":"BreadcrumbList","@id":"https:\/\/mulktakibi.com\/blog\/kira-bedeli-elden-odenirse-cezasi-var-mi\/#breadcrumb","itemListElement":[{"@type":"ListItem","position":1,"name":"Anasayfa","item":"https:\/\/mulktakibi.com\/blog\/"},{"@type":"ListItem","position":2,"name":"Kira Bedeli Elden \u00d6denirse Cezas\u0131 Var M\u0131?"}]},{"@type":"WebSite","@id":"https:\/\/mulktakibi.com\/blog\/#website","url":"https:\/\/mulktakibi.com\/blog\/","name":"M\u00fclk Takibi","description":"| Online Kira Takip Program\u0131 | Kira Takibi","publisher":{"@id":"https:\/\/mulktakibi.com\/blog\/#organization"},"potentialAction":[{"@type":"SearchAction","target":{"@type":"EntryPoint","urlTemplate":"https:\/\/mulktakibi.com\/blog\/?s={search_term_string}"},"query-input":"required name=search_term_string"}],"inLanguage":"tr"},{"@type":"Organization","@id":"https:\/\/mulktakibi.com\/blog\/#organization","name":"M\u00fclk Takibi","url":"https:\/\/mulktakibi.com\/blog\/","logo":{"@type":"ImageObject","inLanguage":"tr","@id":"https:\/\/mulktakibi.com\/blog\/#\/schema\/logo\/image\/","url":"https:\/\/mulktakibi.com\/blog\/wp-content\/uploads\/2022\/12\/logo.png","contentUrl":"https:\/\/mulktakibi.com\/blog\/wp-content\/uploads\/2022\/12\/logo.png","width":300,"height":66,"caption":"M\u00fclk Takibi"},"image":{"@id":"https:\/\/mulktakibi.com\/blog\/#\/schema\/logo\/image\/"},"sameAs":["https:\/\/www.facebook.com\/mulktakibi","https:\/\/twitter.com\/mulktakibi","https:\/\/www.youtube.com\/channel\/UCZ0qRtwOZ01aeo-vswXKjqQ","https:\/\/www.linkedin.com\/company\/mlk-takibi\/","https:\/\/www.instagram.com\/mulktakibi\/"]},{"@type":"Person","@id":"https:\/\/mulktakibi.com\/blog\/#\/schema\/person\/fe857fef554e553559eb568296f6dd43","name":"\u015eule Akyol","image":{"@type":"ImageObject","inLanguage":"tr","@id":"https:\/\/mulktakibi.com\/blog\/#\/schema\/person\/image\/","url":"https:\/\/secure.gravatar.com\/avatar\/42cd57afda1d2ff6e51d534d996e862ffbf27dc3d8391abac3f6a9a9186b037a?s=96&d=mm&r=g","contentUrl":"https:\/\/secure.gravatar.com\/avatar\/42cd57afda1d2ff6e51d534d996e862ffbf27dc3d8391abac3f6a9a9186b037a?s=96&d=mm&r=g","caption":"\u015eule Akyol"},"sameAs":["https:\/\/mulktakibi.com"],"url":"https:\/\/mulktakibi.com\/blog\/author\/suleakyol\/"}]}},"_links":{"self":[{"href":"https:\/\/mulktakibi.com\/blog\/wp-json\/wp\/v2\/posts\/700","targetHints":{"allow":["GET"]}}],"collection":[{"href":"https:\/\/mulktakibi.com\/blog\/wp-json\/wp\/v2\/posts"}],"about":[{"href":"https:\/\/mulktakibi.com\/blog\/wp-json\/wp\/v2\/types\/post"}],"author":[{"embeddable":true,"href":"https:\/\/mulktakibi.com\/blog\/wp-json\/wp\/v2\/users\/2"}],"replies":[{"embeddable":true,"href":"https:\/\/mulktakibi.com\/blog\/wp-json\/wp\/v2\/comments?post=700"}],"version-history":[{"count":1,"href":"https:\/\/mulktakibi.com\/blog\/wp-json\/wp\/v2\/posts\/700\/revisions"}],"predecessor-version":[{"id":702,"href":"https:\/\/mulktakibi.com\/blog\/wp-json\/wp\/v2\/posts\/700\/revisions\/702"}],"wp:featuredmedia":[{"embeddable":true,"href":"https:\/\/mulktakibi.com\/blog\/wp-json\/wp\/v2\/media\/701"}],"wp:attachment":[{"href":"https:\/\/mulktakibi.com\/blog\/wp-json\/wp\/v2\/media?parent=700"}],"wp:term":[{"taxonomy":"category","embeddable":true,"href":"https:\/\/mulktakibi.com\/blog\/wp-json\/wp\/v2\/categories?post=700"},{"taxonomy":"post_tag","embeddable":true,"href":"https:\/\/mulktakibi.com\/blog\/wp-json\/wp\/v2\/tags?post=700"}],"curies":[{"name":"wp","href":"https:\/\/api.w.org\/{rel}","templated":true}]}}