{"id":626,"date":"2026-03-13T12:00:00","date_gmt":"2026-03-13T09:00:00","guid":{"rendered":"https:\/\/mulktakibi.com\/blog\/?p=626"},"modified":"2026-03-12T22:20:49","modified_gmt":"2026-03-12T19:20:49","slug":"kira-kontrati-olmadan-kiraci-cikarilabilir-mi","status":"publish","type":"post","link":"https:\/\/mulktakibi.com\/blog\/kira-kontrati-olmadan-kiraci-cikarilabilir-mi\/","title":{"rendered":"Kira Kontrat\u0131 Olmadan Kirac\u0131 \u00c7\u0131kar\u0131labilir Mi?"},"content":{"rendered":"\n<p>Kira s\u00f6zle\u015fmesi hem kirac\u0131lar\u0131n hem de ev sahiplerinin haklar\u0131n\u0131 koruma konusunda olduk\u00e7a \u00f6nemli bir belgedir. Kira s\u00f6zle\u015fmesi, taraflar\u0131n baz\u0131 \u015fartlarla kar\u015f\u0131l\u0131kl\u0131 olarak anla\u015ft\u0131\u011f\u0131n\u0131n en b\u00fcy\u00fck kan\u0131t\u0131d\u0131r. <strong>Kira kontrat\u0131 olmadan kirac\u0131 \u00e7\u0131kar\u0131labilir mi<\/strong> ya da s\u00f6zle\u015fme olmadan kiraya verilir mi gibi sorular iki taraf\u0131n da merak etti\u011fi konulard\u0131r. Kirac\u0131lar\u0131n, kira s\u00f6zle\u015fmesi olmadan kirac\u0131 almas\u0131 durumunda pek \u00e7ok sorun ya\u015fanmaktad\u0131r.<\/p>\n\n\n\n<p><strong>S\u00f6zl\u00fc kira s\u00f6zle\u015fmesi ge\u00e7erli mi<\/strong> sorusu, \u00f6zellikle bir y\u0131ldan az kirada kalacak insanlar\u0131n merak etti\u011fi konulardan biridir. Bir y\u0131ldan az kiralanacak ev ya da i\u015f yerleri i\u00e7in s\u00f6zl\u00fc s\u00f6zle\u015fme yap\u0131lmas\u0131 tercih edilmektedir. Kira s\u00f6zle\u015fmesi olmayan kirac\u0131lar da ev sahipleri de baz\u0131 haklara sahiptir. Kirac\u0131lar\u0131n kar\u015f\u0131 kar\u015f\u0131ya kalabilece\u011fi zorluklar ya da ayn\u0131 \u015fekilde ev sahiplerinin kar\u015f\u0131la\u015faca\u011f\u0131 durumlar i\u00e7in yasalar d\u00fczenlenmi\u015ftir.<\/p>\n\n\n\n<p>Kira s\u00f6zle\u015fmesi olmayan kirac\u0131lar temel haklar\u0131n\u0131 korumak i\u00e7in baz\u0131 haklar\u0131ndan haberdar olmal\u0131d\u0131rlar. Kirac\u0131lar\u0131 da ev sahiplerini de koruyan pek \u00e7ok yasal d\u00fczenleme yer almaktad\u0131r. E\u011fer kirac\u0131, ev sahibi taraf\u0131ndan haks\u0131z bir \u015fekilde tahliye edilme durumuyla kar\u015f\u0131la\u015fabilir. <strong>Kira s\u00f6zle\u015fmesi olmadan tahliye <\/strong>durumunda, evi uzun bir s\u00fcre kullanan kirac\u0131lar, belirgin kirac\u0131 haklar\u0131na sahip olurlar. Yan\u0131 birka\u00e7 ayd\u0131r kirada oturan ki\u015fi ev sahibi istedi\u011fi an evden \u00e7\u0131kar\u0131laca\u011f\u0131 anlam\u0131na gelmemektedir.<\/p>\n\n\n\n<h2 class=\"wp-block-heading\">Kontrats\u0131z Kirac\u0131 Tahliyesi<\/h2>\n\n\n\n<p><strong>Kontrats\u0131z kirac\u0131 tahliyesi <\/strong>kula\u011fa \u00e7ok kolay gibi gelse de asl\u0131nda bu durum hemen uygulamaya ge\u00e7irilebilecek bir \u015fey de\u011fildir. Kira s\u00f6zle\u015fmesinin yap\u0131lmamas\u0131 durumunda ev sahiplerinin kirac\u0131lar \u00fczerindeki etkisi s\u0131n\u0131rland\u0131r\u0131lmaktad\u0131r. Kira s\u00f6zle\u015fmesi olmayan kirac\u0131n\u0131n da haklar\u0131 bulunur ve bu haklara g\u00f6re kirac\u0131 da belli bir g\u00fcvenceye sahiptir.<\/p>\n\n\n\n<figure class=\"wp-block-image size-large\"><img loading=\"lazy\" decoding=\"async\" width=\"1024\" height=\"683\" src=\"https:\/\/mulktakibi.com\/blog\/wp-content\/uploads\/2026\/03\/xx-1024x683.jpeg\" alt=\"\" class=\"wp-image-628\" srcset=\"https:\/\/mulktakibi.com\/blog\/wp-content\/uploads\/2026\/03\/xx-1024x683.jpeg 1024w, https:\/\/mulktakibi.com\/blog\/wp-content\/uploads\/2026\/03\/xx-300x200.jpeg 300w, https:\/\/mulktakibi.com\/blog\/wp-content\/uploads\/2026\/03\/xx-768x512.jpeg 768w, https:\/\/mulktakibi.com\/blog\/wp-content\/uploads\/2026\/03\/xx.jpeg 1536w\" sizes=\"auto, (max-width: 1024px) 100vw, 1024px\" \/><\/figure>\n\n\n\n<p>Ev sahipleri s\u00f6zle\u015fme olmadan bir kirac\u0131y\u0131 evden \u00e7\u0131karma yetkisine sahiptir. Fakat bu s\u00fcre\u00e7 yasal bir \u015fekilde y\u00fcr\u00fct\u00fclmelidir. Ev sahibi kirac\u0131n\u0131n tahliyesi i\u00e7in <strong>kirac\u0131 \u00e7\u0131karma \u015fartlar\u0131 <\/strong>hakk\u0131nda bilgi sahibi olmal\u0131 ve s\u00fcreci yasal \u015fekilde y\u00fcr\u00fctmelidir. \u00d6rnek vermek gerekirse ev sahibi kirac\u0131n\u0131n tahliyesini isterse \u00f6ncelikle kirac\u0131ya ihtarname g\u00f6ndermelidir. Kirac\u0131n\u0131n tahliye edilmesi ile ilgili olan bu ihtarnamede, kirac\u0131lara ta\u015f\u0131nmalar\u0131 i\u00e7in gerekli s\u00fcre verilmelidir. Bu s\u00fcre i\u00e7inde kirac\u0131, ev sahibinin \u015fartlar\u0131na uymazsa m\u00fclk sahipleri mahkemeye ba\u015fvurabilir.<\/p>\n\n\n\n<p>T\u00fcrkiye Cumhuriyeti\u2019nde yer alan kirac\u0131 yasalar\u0131 gere\u011fince kirac\u0131lar belli haklar \u00e7er\u00e7evesinde korunmaktad\u0131rlar. Ev sahipleri istedikleri zaman kirac\u0131y\u0131 evden \u00e7\u0131karamazlar. Bu t\u00fcr anla\u015fmazl\u0131klar\u0131n \u00f6n\u00fcne ge\u00e7ebilmek ad\u0131na ev sahibi ve kirac\u0131 aras\u0131nda g\u00fc\u00e7l\u00fc bir ileti\u015fim sa\u011flanmal\u0131d\u0131r.<\/p>\n\n\n\n<h2 class=\"wp-block-heading\">Yaz\u0131l\u0131 Kira S\u00f6zle\u015fmesi \u015eart M\u0131?<\/h2>\n\n\n\n<p><strong>Yaz\u0131l\u0131 kira s\u00f6zle\u015fmesi \u015fart m\u0131 <\/strong>ve s\u00f6zle\u015fme olmazsa ne olur gibi sorular, kafa kar\u0131\u015ft\u0131ran di\u011fer konular aras\u0131nda yer almaktad\u0131r. Normalde kira s\u00f6zle\u015fmeleri, belli \u015fartlar kapsam\u0131nda iki taraf\u0131n anla\u015farak kira ili\u015fkisi kurdu\u011funun yasal kan\u0131t\u0131d\u0131r. Hukuken iki taraf\u0131n da haklar\u0131n\u0131n korunmas\u0131n\u0131 sa\u011flar. \u00dcstelik ya\u015fanabilecek herhangi bir durumda yine iki taraf\u0131n da yasalarla g\u00fcvenceye al\u0131nmas\u0131n\u0131 sa\u011flar.<\/p>\n\n\n\n<p><strong>Kira hukuku tahliye <\/strong>konusunda kirac\u0131lar\u0131n haklar\u0131n\u0131 g\u00fcvenceye al\u0131r. Ev sahipleri istedi\u011fi zaman kirac\u0131lar\u0131 \u00e7\u0131karamamaktad\u0131r. S\u00f6zle\u015fmeli olan durumlarda s\u00f6zle\u015fme maddelerinin ihlal edilmesi durumunda, s\u00f6zle\u015fmesiz olan durumlarda ise direkt ihtarname yoluyla kirac\u0131lar\u0131n evden \u00e7\u0131kmas\u0131 talep edilebilmektedir.<\/p>\n\n\n\n<p>Kirac\u0131lar\u0131n evde ikamet ettikleri s\u00fcre, ev sahibinin kirac\u0131y\u0131 tahliye etme hakk\u0131n\u0131 etkilemektedir. E\u011fer kirac\u0131 yak\u0131n bir zamanda eve ta\u015f\u0131nm\u0131\u015fsa ev sahibi evin daha \u00e7abuk tahliye edilmesini isteyebilir. Kirac\u0131n\u0131n haklar\u0131n\u0131n korunmas\u0131 i\u00e7in hukuki s\u00fcre\u00e7lerin dikkatli bir \u015fekilde takip edilmesi gerekir. Bu durumda da alan\u0131nda uzman avukatlara ba\u015fvurmak mant\u0131kl\u0131 bir se\u00e7im olacakt\u0131r.<\/p>\n\n\n\n<p>Kira kontrat\u0131 olmadan kiraya \u00e7\u0131k\u0131labilse de bu durum iki taraf\u0131 da negatif etkileyebilmektedir. Bu t\u00fcr durumlar yasal bir \u00e7er\u00e7evede s\u00f6zle\u015fme ile kan\u0131tlanmal\u0131d\u0131r.<\/p>\n\n\n\n<p><a href=\"https:\/\/mulktakibi.com\/blog\/ev-sahibi-kiraya-verdigi-evi-satmak-zorunda-mi\/\">Ev Sahibi Kiraya Verdi\u011fi Evi Satmak Zorunda M\u0131?<\/a><\/p>\n\n\n","protected":false},"excerpt":{"rendered":"<p>Kira s\u00f6zle\u015fmesi hem kirac\u0131lar\u0131n hem de ev sahiplerinin haklar\u0131n\u0131 koruma konusunda olduk\u00e7a \u00f6nemli bir belgedir. Kira s\u00f6zle\u015fmesi, taraflar\u0131n baz\u0131 \u015fartlarla kar\u015f\u0131l\u0131kl\u0131 olarak anla\u015ft\u0131\u011f\u0131n\u0131n en b\u00fcy\u00fck kan\u0131t\u0131d\u0131r. Kira kontrat\u0131 olmadan kirac\u0131 \u00e7\u0131kar\u0131labilir mi ya da s\u00f6zle\u015fme olmadan kiraya verilir mi gibi sorular iki taraf\u0131n da merak etti\u011fi konulard\u0131r. Kirac\u0131lar\u0131n, kira s\u00f6zle\u015fmesi olmadan kirac\u0131 almas\u0131 durumunda pek [&#8230;]\n","protected":false},"author":2,"featured_media":627,"comment_status":"open","ping_status":"open","sticky":false,"template":"","format":"standard","meta":{"footnotes":""},"categories":[1],"tags":[],"class_list":["post-626","post","type-post","status-publish","format-standard","has-post-thumbnail","hentry","category-genel"],"yoast_head":"<!-- This site is optimized with the Yoast SEO plugin v20.5 - https:\/\/yoast.com\/wordpress\/plugins\/seo\/ -->\n<title>Kira Kontrat\u0131 Olmadan Kirac\u0131 \u00c7\u0131kar\u0131labilir Mi? - M\u00fclk Takibi<\/title>\n<meta name=\"description\" content=\"\u201cKira kontrat\u0131 olmadan kirac\u0131 \u00e7\u0131kar\u0131labilir mi?\u201d sorusu s\u0131k\u00e7a g\u00fcndeme gelir; yaz\u0131l\u0131 s\u00f6zle\u015fme olmasa bile kira ili\u015fkisi kanunen...\" \/>\n<meta name=\"robots\" content=\"index, follow, max-snippet:-1, max-image-preview:large, max-video-preview:-1\" \/>\n<link rel=\"canonical\" href=\"https:\/\/mulktakibi.com\/blog\/kira-kontrati-olmadan-kiraci-cikarilabilir-mi\/\" \/>\n<meta property=\"og:locale\" content=\"tr_TR\" \/>\n<meta property=\"og:type\" content=\"article\" \/>\n<meta property=\"og:title\" content=\"Kira Kontrat\u0131 Olmadan Kirac\u0131 \u00c7\u0131kar\u0131labilir Mi? - M\u00fclk Takibi\" \/>\n<meta property=\"og:description\" content=\"\u201cKira kontrat\u0131 olmadan kirac\u0131 \u00e7\u0131kar\u0131labilir mi?\u201d sorusu s\u0131k\u00e7a g\u00fcndeme gelir; yaz\u0131l\u0131 s\u00f6zle\u015fme olmasa bile kira ili\u015fkisi kanunen...\" \/>\n<meta property=\"og:url\" content=\"https:\/\/mulktakibi.com\/blog\/kira-kontrati-olmadan-kiraci-cikarilabilir-mi\/\" \/>\n<meta property=\"og:site_name\" content=\"M\u00fclk Takibi\" \/>\n<meta property=\"article:publisher\" content=\"https:\/\/www.facebook.com\/mulktakibi\" \/>\n<meta property=\"article:published_time\" content=\"2026-03-13T09:00:00+00:00\" \/>\n<meta property=\"article:modified_time\" content=\"2026-03-12T19:20:49+00:00\" \/>\n<meta property=\"og:image\" content=\"https:\/\/mulktakibi.com\/blog\/wp-content\/uploads\/2026\/03\/x.jpeg\" \/>\n\t<meta property=\"og:image:width\" content=\"1536\" \/>\n\t<meta property=\"og:image:height\" content=\"1024\" \/>\n\t<meta property=\"og:image:type\" content=\"image\/jpeg\" \/>\n<meta name=\"author\" content=\"\u015eule Akyol\" \/>\n<meta name=\"twitter:card\" content=\"summary_large_image\" \/>\n<meta name=\"twitter:creator\" content=\"@mulktakibi\" \/>\n<meta name=\"twitter:site\" content=\"@mulktakibi\" \/>\n<meta name=\"twitter:label1\" content=\"Yazan:\" \/>\n\t<meta name=\"twitter:data1\" content=\"\u015eule Akyol\" \/>\n\t<meta name=\"twitter:label2\" content=\"Tahmini okuma s\u00fcresi\" \/>\n\t<meta name=\"twitter:data2\" content=\"4 dakika\" \/>\n<script type=\"application\/ld+json\" class=\"yoast-schema-graph\">{\"@context\":\"https:\/\/schema.org\",\"@graph\":[{\"@type\":\"Article\",\"@id\":\"https:\/\/mulktakibi.com\/blog\/kira-kontrati-olmadan-kiraci-cikarilabilir-mi\/#article\",\"isPartOf\":{\"@id\":\"https:\/\/mulktakibi.com\/blog\/kira-kontrati-olmadan-kiraci-cikarilabilir-mi\/\"},\"author\":{\"name\":\"\u015eule Akyol\",\"@id\":\"https:\/\/mulktakibi.com\/blog\/#\/schema\/person\/fe857fef554e553559eb568296f6dd43\"},\"headline\":\"Kira Kontrat\u0131 Olmadan Kirac\u0131 \u00c7\u0131kar\u0131labilir Mi?\",\"datePublished\":\"2026-03-13T09:00:00+00:00\",\"dateModified\":\"2026-03-12T19:20:49+00:00\",\"mainEntityOfPage\":{\"@id\":\"https:\/\/mulktakibi.com\/blog\/kira-kontrati-olmadan-kiraci-cikarilabilir-mi\/\"},\"wordCount\":748,\"commentCount\":0,\"publisher\":{\"@id\":\"https:\/\/mulktakibi.com\/blog\/#organization\"},\"inLanguage\":\"tr\",\"potentialAction\":[{\"@type\":\"CommentAction\",\"name\":\"Comment\",\"target\":[\"https:\/\/mulktakibi.com\/blog\/kira-kontrati-olmadan-kiraci-cikarilabilir-mi\/#respond\"]}]},{\"@type\":\"WebPage\",\"@id\":\"https:\/\/mulktakibi.com\/blog\/kira-kontrati-olmadan-kiraci-cikarilabilir-mi\/\",\"url\":\"https:\/\/mulktakibi.com\/blog\/kira-kontrati-olmadan-kiraci-cikarilabilir-mi\/\",\"name\":\"Kira Kontrat\u0131 Olmadan Kirac\u0131 \u00c7\u0131kar\u0131labilir Mi? - M\u00fclk Takibi\",\"isPartOf\":{\"@id\":\"https:\/\/mulktakibi.com\/blog\/#website\"},\"datePublished\":\"2026-03-13T09:00:00+00:00\",\"dateModified\":\"2026-03-12T19:20:49+00:00\",\"description\":\"\u201cKira kontrat\u0131 olmadan kirac\u0131 \u00e7\u0131kar\u0131labilir mi?\u201d sorusu s\u0131k\u00e7a g\u00fcndeme gelir; yaz\u0131l\u0131 s\u00f6zle\u015fme olmasa bile kira ili\u015fkisi kanunen...\",\"breadcrumb\":{\"@id\":\"https:\/\/mulktakibi.com\/blog\/kira-kontrati-olmadan-kiraci-cikarilabilir-mi\/#breadcrumb\"},\"inLanguage\":\"tr\",\"potentialAction\":[{\"@type\":\"ReadAction\",\"target\":[\"https:\/\/mulktakibi.com\/blog\/kira-kontrati-olmadan-kiraci-cikarilabilir-mi\/\"]}]},{\"@type\":\"BreadcrumbList\",\"@id\":\"https:\/\/mulktakibi.com\/blog\/kira-kontrati-olmadan-kiraci-cikarilabilir-mi\/#breadcrumb\",\"itemListElement\":[{\"@type\":\"ListItem\",\"position\":1,\"name\":\"Anasayfa\",\"item\":\"https:\/\/mulktakibi.com\/blog\/\"},{\"@type\":\"ListItem\",\"position\":2,\"name\":\"Kira Kontrat\u0131 Olmadan Kirac\u0131 \u00c7\u0131kar\u0131labilir Mi?\"}]},{\"@type\":\"WebSite\",\"@id\":\"https:\/\/mulktakibi.com\/blog\/#website\",\"url\":\"https:\/\/mulktakibi.com\/blog\/\",\"name\":\"M\u00fclk Takibi\",\"description\":\"| Online Kira Takip Program\u0131 | Kira Takibi\",\"publisher\":{\"@id\":\"https:\/\/mulktakibi.com\/blog\/#organization\"},\"potentialAction\":[{\"@type\":\"SearchAction\",\"target\":{\"@type\":\"EntryPoint\",\"urlTemplate\":\"https:\/\/mulktakibi.com\/blog\/?s={search_term_string}\"},\"query-input\":\"required name=search_term_string\"}],\"inLanguage\":\"tr\"},{\"@type\":\"Organization\",\"@id\":\"https:\/\/mulktakibi.com\/blog\/#organization\",\"name\":\"M\u00fclk Takibi\",\"url\":\"https:\/\/mulktakibi.com\/blog\/\",\"logo\":{\"@type\":\"ImageObject\",\"inLanguage\":\"tr\",\"@id\":\"https:\/\/mulktakibi.com\/blog\/#\/schema\/logo\/image\/\",\"url\":\"https:\/\/mulktakibi.com\/blog\/wp-content\/uploads\/2022\/12\/logo.png\",\"contentUrl\":\"https:\/\/mulktakibi.com\/blog\/wp-content\/uploads\/2022\/12\/logo.png\",\"width\":300,\"height\":66,\"caption\":\"M\u00fclk Takibi\"},\"image\":{\"@id\":\"https:\/\/mulktakibi.com\/blog\/#\/schema\/logo\/image\/\"},\"sameAs\":[\"https:\/\/www.facebook.com\/mulktakibi\",\"https:\/\/twitter.com\/mulktakibi\",\"https:\/\/www.youtube.com\/channel\/UCZ0qRtwOZ01aeo-vswXKjqQ\",\"https:\/\/www.linkedin.com\/company\/mlk-takibi\/\",\"https:\/\/www.instagram.com\/mulktakibi\/\"]},{\"@type\":\"Person\",\"@id\":\"https:\/\/mulktakibi.com\/blog\/#\/schema\/person\/fe857fef554e553559eb568296f6dd43\",\"name\":\"\u015eule Akyol\",\"image\":{\"@type\":\"ImageObject\",\"inLanguage\":\"tr\",\"@id\":\"https:\/\/mulktakibi.com\/blog\/#\/schema\/person\/image\/\",\"url\":\"https:\/\/secure.gravatar.com\/avatar\/42cd57afda1d2ff6e51d534d996e862ffbf27dc3d8391abac3f6a9a9186b037a?s=96&d=mm&r=g\",\"contentUrl\":\"https:\/\/secure.gravatar.com\/avatar\/42cd57afda1d2ff6e51d534d996e862ffbf27dc3d8391abac3f6a9a9186b037a?s=96&d=mm&r=g\",\"caption\":\"\u015eule Akyol\"},\"sameAs\":[\"https:\/\/mulktakibi.com\"],\"url\":\"https:\/\/mulktakibi.com\/blog\/author\/suleakyol\/\"}]}<\/script>\n<!-- \/ Yoast SEO plugin. -->","yoast_head_json":{"title":"Kira Kontrat\u0131 Olmadan Kirac\u0131 \u00c7\u0131kar\u0131labilir Mi? - M\u00fclk Takibi","description":"\u201cKira kontrat\u0131 olmadan kirac\u0131 \u00e7\u0131kar\u0131labilir mi?\u201d sorusu s\u0131k\u00e7a g\u00fcndeme gelir; yaz\u0131l\u0131 s\u00f6zle\u015fme olmasa bile kira ili\u015fkisi kanunen...","robots":{"index":"index","follow":"follow","max-snippet":"max-snippet:-1","max-image-preview":"max-image-preview:large","max-video-preview":"max-video-preview:-1"},"canonical":"https:\/\/mulktakibi.com\/blog\/kira-kontrati-olmadan-kiraci-cikarilabilir-mi\/","og_locale":"tr_TR","og_type":"article","og_title":"Kira Kontrat\u0131 Olmadan Kirac\u0131 \u00c7\u0131kar\u0131labilir Mi? - M\u00fclk Takibi","og_description":"\u201cKira kontrat\u0131 olmadan kirac\u0131 \u00e7\u0131kar\u0131labilir mi?\u201d sorusu s\u0131k\u00e7a g\u00fcndeme gelir; yaz\u0131l\u0131 s\u00f6zle\u015fme olmasa bile kira ili\u015fkisi kanunen...","og_url":"https:\/\/mulktakibi.com\/blog\/kira-kontrati-olmadan-kiraci-cikarilabilir-mi\/","og_site_name":"M\u00fclk Takibi","article_publisher":"https:\/\/www.facebook.com\/mulktakibi","article_published_time":"2026-03-13T09:00:00+00:00","article_modified_time":"2026-03-12T19:20:49+00:00","og_image":[{"width":1536,"height":1024,"url":"https:\/\/mulktakibi.com\/blog\/wp-content\/uploads\/2026\/03\/x.jpeg","type":"image\/jpeg"}],"author":"\u015eule Akyol","twitter_card":"summary_large_image","twitter_creator":"@mulktakibi","twitter_site":"@mulktakibi","twitter_misc":{"Yazan:":"\u015eule Akyol","Tahmini okuma s\u00fcresi":"4 dakika"},"schema":{"@context":"https:\/\/schema.org","@graph":[{"@type":"Article","@id":"https:\/\/mulktakibi.com\/blog\/kira-kontrati-olmadan-kiraci-cikarilabilir-mi\/#article","isPartOf":{"@id":"https:\/\/mulktakibi.com\/blog\/kira-kontrati-olmadan-kiraci-cikarilabilir-mi\/"},"author":{"name":"\u015eule Akyol","@id":"https:\/\/mulktakibi.com\/blog\/#\/schema\/person\/fe857fef554e553559eb568296f6dd43"},"headline":"Kira Kontrat\u0131 Olmadan Kirac\u0131 \u00c7\u0131kar\u0131labilir Mi?","datePublished":"2026-03-13T09:00:00+00:00","dateModified":"2026-03-12T19:20:49+00:00","mainEntityOfPage":{"@id":"https:\/\/mulktakibi.com\/blog\/kira-kontrati-olmadan-kiraci-cikarilabilir-mi\/"},"wordCount":748,"commentCount":0,"publisher":{"@id":"https:\/\/mulktakibi.com\/blog\/#organization"},"inLanguage":"tr","potentialAction":[{"@type":"CommentAction","name":"Comment","target":["https:\/\/mulktakibi.com\/blog\/kira-kontrati-olmadan-kiraci-cikarilabilir-mi\/#respond"]}]},{"@type":"WebPage","@id":"https:\/\/mulktakibi.com\/blog\/kira-kontrati-olmadan-kiraci-cikarilabilir-mi\/","url":"https:\/\/mulktakibi.com\/blog\/kira-kontrati-olmadan-kiraci-cikarilabilir-mi\/","name":"Kira Kontrat\u0131 Olmadan Kirac\u0131 \u00c7\u0131kar\u0131labilir Mi? - M\u00fclk Takibi","isPartOf":{"@id":"https:\/\/mulktakibi.com\/blog\/#website"},"datePublished":"2026-03-13T09:00:00+00:00","dateModified":"2026-03-12T19:20:49+00:00","description":"\u201cKira kontrat\u0131 olmadan kirac\u0131 \u00e7\u0131kar\u0131labilir mi?\u201d sorusu s\u0131k\u00e7a g\u00fcndeme gelir; yaz\u0131l\u0131 s\u00f6zle\u015fme olmasa bile kira ili\u015fkisi kanunen...","breadcrumb":{"@id":"https:\/\/mulktakibi.com\/blog\/kira-kontrati-olmadan-kiraci-cikarilabilir-mi\/#breadcrumb"},"inLanguage":"tr","potentialAction":[{"@type":"ReadAction","target":["https:\/\/mulktakibi.com\/blog\/kira-kontrati-olmadan-kiraci-cikarilabilir-mi\/"]}]},{"@type":"BreadcrumbList","@id":"https:\/\/mulktakibi.com\/blog\/kira-kontrati-olmadan-kiraci-cikarilabilir-mi\/#breadcrumb","itemListElement":[{"@type":"ListItem","position":1,"name":"Anasayfa","item":"https:\/\/mulktakibi.com\/blog\/"},{"@type":"ListItem","position":2,"name":"Kira Kontrat\u0131 Olmadan Kirac\u0131 \u00c7\u0131kar\u0131labilir Mi?"}]},{"@type":"WebSite","@id":"https:\/\/mulktakibi.com\/blog\/#website","url":"https:\/\/mulktakibi.com\/blog\/","name":"M\u00fclk Takibi","description":"| Online Kira Takip Program\u0131 | Kira Takibi","publisher":{"@id":"https:\/\/mulktakibi.com\/blog\/#organization"},"potentialAction":[{"@type":"SearchAction","target":{"@type":"EntryPoint","urlTemplate":"https:\/\/mulktakibi.com\/blog\/?s={search_term_string}"},"query-input":"required name=search_term_string"}],"inLanguage":"tr"},{"@type":"Organization","@id":"https:\/\/mulktakibi.com\/blog\/#organization","name":"M\u00fclk Takibi","url":"https:\/\/mulktakibi.com\/blog\/","logo":{"@type":"ImageObject","inLanguage":"tr","@id":"https:\/\/mulktakibi.com\/blog\/#\/schema\/logo\/image\/","url":"https:\/\/mulktakibi.com\/blog\/wp-content\/uploads\/2022\/12\/logo.png","contentUrl":"https:\/\/mulktakibi.com\/blog\/wp-content\/uploads\/2022\/12\/logo.png","width":300,"height":66,"caption":"M\u00fclk Takibi"},"image":{"@id":"https:\/\/mulktakibi.com\/blog\/#\/schema\/logo\/image\/"},"sameAs":["https:\/\/www.facebook.com\/mulktakibi","https:\/\/twitter.com\/mulktakibi","https:\/\/www.youtube.com\/channel\/UCZ0qRtwOZ01aeo-vswXKjqQ","https:\/\/www.linkedin.com\/company\/mlk-takibi\/","https:\/\/www.instagram.com\/mulktakibi\/"]},{"@type":"Person","@id":"https:\/\/mulktakibi.com\/blog\/#\/schema\/person\/fe857fef554e553559eb568296f6dd43","name":"\u015eule Akyol","image":{"@type":"ImageObject","inLanguage":"tr","@id":"https:\/\/mulktakibi.com\/blog\/#\/schema\/person\/image\/","url":"https:\/\/secure.gravatar.com\/avatar\/42cd57afda1d2ff6e51d534d996e862ffbf27dc3d8391abac3f6a9a9186b037a?s=96&d=mm&r=g","contentUrl":"https:\/\/secure.gravatar.com\/avatar\/42cd57afda1d2ff6e51d534d996e862ffbf27dc3d8391abac3f6a9a9186b037a?s=96&d=mm&r=g","caption":"\u015eule Akyol"},"sameAs":["https:\/\/mulktakibi.com"],"url":"https:\/\/mulktakibi.com\/blog\/author\/suleakyol\/"}]}},"_links":{"self":[{"href":"https:\/\/mulktakibi.com\/blog\/wp-json\/wp\/v2\/posts\/626","targetHints":{"allow":["GET"]}}],"collection":[{"href":"https:\/\/mulktakibi.com\/blog\/wp-json\/wp\/v2\/posts"}],"about":[{"href":"https:\/\/mulktakibi.com\/blog\/wp-json\/wp\/v2\/types\/post"}],"author":[{"embeddable":true,"href":"https:\/\/mulktakibi.com\/blog\/wp-json\/wp\/v2\/users\/2"}],"replies":[{"embeddable":true,"href":"https:\/\/mulktakibi.com\/blog\/wp-json\/wp\/v2\/comments?post=626"}],"version-history":[{"count":1,"href":"https:\/\/mulktakibi.com\/blog\/wp-json\/wp\/v2\/posts\/626\/revisions"}],"predecessor-version":[{"id":629,"href":"https:\/\/mulktakibi.com\/blog\/wp-json\/wp\/v2\/posts\/626\/revisions\/629"}],"wp:featuredmedia":[{"embeddable":true,"href":"https:\/\/mulktakibi.com\/blog\/wp-json\/wp\/v2\/media\/627"}],"wp:attachment":[{"href":"https:\/\/mulktakibi.com\/blog\/wp-json\/wp\/v2\/media?parent=626"}],"wp:term":[{"taxonomy":"category","embeddable":true,"href":"https:\/\/mulktakibi.com\/blog\/wp-json\/wp\/v2\/categories?post=626"},{"taxonomy":"post_tag","embeddable":true,"href":"https:\/\/mulktakibi.com\/blog\/wp-json\/wp\/v2\/tags?post=626"}],"curies":[{"name":"wp","href":"https:\/\/api.w.org\/{rel}","templated":true}]}}