{"id":617,"date":"2026-03-08T12:00:00","date_gmt":"2026-03-08T09:00:00","guid":{"rendered":"https:\/\/mulktakibi.com\/blog\/?p=617"},"modified":"2026-03-07T20:07:39","modified_gmt":"2026-03-07T17:07:39","slug":"ev-sahibi-evi-satacagim-diye-kiraciyi-cikarabilir-mi","status":"publish","type":"post","link":"https:\/\/mulktakibi.com\/blog\/ev-sahibi-evi-satacagim-diye-kiraciyi-cikarabilir-mi\/","title":{"rendered":"Ev Sahibi Evi Sataca\u011f\u0131m Diye Kirac\u0131y\u0131 \u00c7\u0131karabilir Mi?"},"content":{"rendered":"\n<p>Ev sahibi ve kirac\u0131 aras\u0131nda ya\u015fanan pek \u00e7ok sorun vard\u0131r. Kira zamlar\u0131, ge\u00e7 kira \u00f6deme, evin masraflar\u0131 gibi konular\u0131n yan\u0131 s\u0131ra kirac\u0131 tahliyesi de baz\u0131 sorunlara neden olabilmektedir. <strong>E<\/strong><strong>v sahibi evi sataca\u011f\u0131m diye kirac\u0131y\u0131 \u00e7\u0131karabilir mi <\/strong>sorusu da hem kirac\u0131lar hem de ev sahiplerinin merak etti\u011fi sorular aras\u0131ndad\u0131r. \u00d6zellikle ev sahipleri evlerini satacaklar\u0131 zaman nas\u0131l hareket edeceklerini bilemeyebilirler.<\/p>\n\n\n\n<p><strong>Ev sat\u0131\u015f\u0131 nedeniyle tahliye <\/strong>durumu asl\u0131nda yayg\u0131n bir durumdur. Kirac\u0131lar ve ev sahipleri aras\u0131nda yap\u0131lan kira s\u00f6zle\u015fmesi ile hem kirac\u0131lar\u0131n hem de ev sahiplerinin haklar\u0131 g\u00fcvence alt\u0131na al\u0131nmaktad\u0131r. Ev sahiplerinin m\u00fclk\u00fc satmak istemeleri nedeniyle kirac\u0131lar\u0131n evden \u00e7\u0131kmas\u0131n\u0131 isteyebilir. Ancak bu yasal \u00e7er\u00e7evede y\u00fcr\u00fcrl\u00fc\u011fe girmelidir.<\/p>\n\n\n\n<p>\u0130mzalanan s\u00f6zle\u015fmede kira s\u00fcresi belliyle bu tarihten \u00f6nce kirac\u0131n\u0131n \u00e7\u0131kar\u0131lmas\u0131, yasal haklarla d\u00fczenlenmektedir. Kira s\u00f6zle\u015fmesinin s\u00fcresi donmadan e\u011fer s\u00f6zle\u015fmenin maddeleri ihlal edilmemi\u015fse kirac\u0131n\u0131n evden \u00e7\u0131kmas\u0131 m\u00fcmk\u00fcn de\u011fildir. <strong>Yeni malik tahliye hakk\u0131<\/strong> da ayn\u0131 \u015fekilde kirac\u0131lar\u0131 korumak ad\u0131na yasal s\u00fcre\u00e7le ger\u00e7ekle\u015fir.<\/p>\n\n\n\n<p>Ev sahibinin kirac\u0131y\u0131 \u00e7\u0131karmas\u0131 i\u00e7in baz\u0131 \u015fartlar\u0131n ger\u00e7eklemesi gerekir. \u00d6rnek vermek gerekirse kirac\u0131, kira bedelini zaman\u0131nda \u00f6demiyorsa ya da m\u00fclk\u00fcn kullan\u0131m haklar\u0131n\u0131 ihlal ediyorsa ev sahipleri yasal yollara ba\u015fvurmaktad\u0131r. Kirac\u0131dan kaynaklanan bir sorun yoksa bu durumda ev sahibi sadece m\u00fclk\u00fc sataca\u011f\u0131 i\u00e7in kirac\u0131y\u0131 \u00e7\u0131kmaya zorlayamaz. Ancak kiraya verilen m\u00fclk\u00fc kullanmak isterse, bu m\u00fclkte oturmaya ihtiya\u00e7 duyuyorsa \u00e7\u0131karabilir.<\/p>\n\n\n\n<h2 class=\"wp-block-heading\">Kirac\u0131l\u0131 Ev Sat\u0131\u015f\u0131<\/h2>\n\n\n\n<p><strong>Kirac\u0131l\u0131 ev sat\u0131\u015f\u0131 <\/strong>tart\u0131\u015fmal\u0131 bir konu olsa da yeni ev sahibi, i\u00e7inde kirac\u0131 bulunan evi sat\u0131n al\u0131yorsa bu durumu g\u00f6ze almal\u0131d\u0131r. Ev sahipleri, kirada olan m\u00fclk\u00fc satacaklar\u0131 zaman o m\u00fclk\u00fc kullanan kirac\u0131lara mutlaka haber vermelidir. BU genellikle ihmal edilen bir durumdur ve pek \u00e7ok soruna neden olabilir. E\u011fer kirac\u0131 s\u00f6zle\u015fmesi hala devam ediyorsa s\u00f6zle\u015fme yeni m\u00fclk sahibi i\u00e7in de ge\u00e7erli olur. Yani kirac\u0131lar s\u00f6zle\u015fmenin biti\u015f tarihine kadar m\u00fclkte oturma hakk\u0131na sahip olmaya devam ederler. E\u011fer s\u00f6zle\u015fme s\u00fcresi dolmu\u015fsa kirac\u0131lar i\u00e7in s\u00fcre\u00e7 karma\u015f\u0131k bir hale gelebilir.<\/p>\n\n\n\n<p>Kirac\u0131n\u0131n s\u00f6zle\u015fmesi varsa yenileme \u015fart\u0131na ba\u011fl\u0131 olarak oturma s\u00fcresi de\u011fi\u015febilir. Kirac\u0131n\u0131n m\u00fclk\u00fc tahliye etme durumu sadece evin sat\u0131\u015f\u0131yla s\u0131n\u0131rl\u0131 olmamaktad\u0131r. Kirac\u0131lar ev sat\u0131lmadan \u00f6nceki durumu ve kirada kalmas\u0131na y\u00f6nelik bir engel bulunmad\u0131\u011f\u0131 m\u00fcddet\u00e7e yeni ev sahiplerinin verece\u011fi herhangi bir s\u00fcre durumunda bu s\u00fcreyi de\u011ferlendirebilirler.<\/p>\n\n\n\n<figure class=\"wp-block-image size-large\"><img loading=\"lazy\" decoding=\"async\" width=\"1024\" height=\"683\" src=\"https:\/\/mulktakibi.com\/blog\/wp-content\/uploads\/2026\/03\/Ev-Sahibi-Evi-Satacagim-Diye-Kiraciyi-Cikarabilir-Mi2-1-1024x683.jpeg\" alt=\"\" class=\"wp-image-620\" srcset=\"https:\/\/mulktakibi.com\/blog\/wp-content\/uploads\/2026\/03\/Ev-Sahibi-Evi-Satacagim-Diye-Kiraciyi-Cikarabilir-Mi2-1-1024x683.jpeg 1024w, https:\/\/mulktakibi.com\/blog\/wp-content\/uploads\/2026\/03\/Ev-Sahibi-Evi-Satacagim-Diye-Kiraciyi-Cikarabilir-Mi2-1-300x200.jpeg 300w, https:\/\/mulktakibi.com\/blog\/wp-content\/uploads\/2026\/03\/Ev-Sahibi-Evi-Satacagim-Diye-Kiraciyi-Cikarabilir-Mi2-1-768x512.jpeg 768w, https:\/\/mulktakibi.com\/blog\/wp-content\/uploads\/2026\/03\/Ev-Sahibi-Evi-Satacagim-Diye-Kiraciyi-Cikarabilir-Mi2-1.jpeg 1536w\" sizes=\"auto, (max-width: 1024px) 100vw, 1024px\" \/><\/figure>\n\n\n\n<p><strong>Kirac\u0131 haklar\u0131 ev sat\u0131\u015f\u0131 <\/strong>olsa bile yasalarla birlikte korunma alt\u0131ndad\u0131r. Yeni ev sahipleri evin kirada oldu\u011funu bilerek evi sat\u0131n almal\u0131 ve eski ev sahibiyle yap\u0131lan s\u00f6zle\u015fmeye uymal\u0131d\u0131r. Ancak o evi kullanmak, evde oturmak amac\u0131yla sat\u0131n al\u0131m yap\u0131ld\u0131ysa bu durumu ispat ederek mahkemeye ba\u015fvurmal\u0131d\u0131r.<\/p>\n\n\n\n<h2 class=\"wp-block-heading\">Sat\u0131\u015f Sebebiyle Tahliye<\/h2>\n\n\n\n<p><strong>Sat\u0131\u015f sebebiyle tahliye <\/strong>durumu hemen ger\u00e7ekle\u015fmez. Ev sat\u0131n al\u0131nd\u0131\u011f\u0131nda pek \u00e7ok yeni ev sahibi i\u00e7in kafa kar\u0131\u015ft\u0131r\u0131c\u0131 baz\u0131 durumlar ortaya \u00e7\u0131kabilmektedir. \u00d6ncelikle yeni ev sahipleri, kirac\u0131larla ileti\u015fime ge\u00e7melidir. Kirac\u0131n\u0131n neden ta\u015f\u0131nmak istemedi\u011fini \u00f6\u011frenmelidir. \u00c7\u00fcnk\u00fc ta\u015f\u0131nma masraflar\u0131 ve yeni bir ev bulma s\u00fcreci maddi a\u00e7\u0131dan olduk\u00e7a y\u0131prat\u0131c\u0131 olabilmektedir.<\/p>\n\n\n\n<p>Kirac\u0131n\u0131n s\u00f6zle\u015fmesinde yer alan maddelere dikkat edilmelidir. S\u00f6zle\u015fmede kirac\u0131lar\u0131n ev sat\u0131ld\u0131ktan sonra belirli bir s\u00fcre evi kullanmalar\u0131na ili\u015fkin maddeler varsa bunlara uyulmal\u0131d\u0131r.<\/p>\n\n\n\n<p><strong>\u0130htiya\u00e7 nedeniyle tahliye <\/strong>durumunda ise yeni ev sahipleri konutta oturma ihtiyac\u0131 nedeniyle kirac\u0131lar\u0131 tahliye edebilirler. Mahkemeye ba\u015fvurup evde oturma ihtiyac\u0131n\u0131n kan\u0131tlanmas\u0131 gerekir. Ayr\u0131ca ev sahipleri bu nedenden dolay\u0131 kirac\u0131lar\u0131 tahliye ettikten sonra belli bir s\u00fcre evi kiraya veremezler. Bu tarz durumlar\u0131 en iyi \u015fekilde takip edebilmek ve destek alabilmek ad\u0131na bir avukatla \u00e7al\u0131\u015fmak s\u00fcreci h\u0131zland\u0131r\u0131r.<\/p>\n\n\n\n<p><a href=\"https:\/\/mulktakibi.com\/blog\/ev-sahibi-kiraya-zam-yapmazsa-ne-olur\/\">Ev Sahibi Kiraya Zam Yapmazsa Ne Olur?<\/a><\/p>\n\n\n","protected":false},"excerpt":{"rendered":"<p>Ev sahibi ve kirac\u0131 aras\u0131nda ya\u015fanan pek \u00e7ok sorun vard\u0131r. Kira zamlar\u0131, ge\u00e7 kira \u00f6deme, evin masraflar\u0131 gibi konular\u0131n yan\u0131 s\u0131ra kirac\u0131 tahliyesi de baz\u0131 sorunlara neden olabilmektedir. Ev sahibi evi sataca\u011f\u0131m diye kirac\u0131y\u0131 \u00e7\u0131karabilir mi sorusu da hem kirac\u0131lar hem de ev sahiplerinin merak etti\u011fi sorular aras\u0131ndad\u0131r. \u00d6zellikle ev sahipleri evlerini satacaklar\u0131 zaman nas\u0131l [&#8230;]\n","protected":false},"author":2,"featured_media":618,"comment_status":"open","ping_status":"open","sticky":false,"template":"","format":"standard","meta":{"footnotes":""},"categories":[1],"tags":[],"class_list":["post-617","post","type-post","status-publish","format-standard","has-post-thumbnail","hentry","category-genel"],"yoast_head":"<!-- This site is optimized with the Yoast SEO plugin v20.5 - https:\/\/yoast.com\/wordpress\/plugins\/seo\/ -->\n<title>Ev Sahibi Evi Sataca\u011f\u0131m Diye Kirac\u0131y\u0131 \u00c7\u0131karabilir Mi? - M\u00fclk Takibi<\/title>\n<meta name=\"description\" content=\"Ev sahibi evi sataca\u011f\u0131m diye kirac\u0131y\u0131 \u00e7\u0131karabilir mi?\u201d sorusu s\u0131k\u00e7a merak edilir; yaln\u0131zca sat\u0131\u015f gerek\u00e7esi kirac\u0131n\u0131n hemen...\" \/>\n<meta name=\"robots\" content=\"index, follow, max-snippet:-1, max-image-preview:large, max-video-preview:-1\" \/>\n<link rel=\"canonical\" href=\"https:\/\/mulktakibi.com\/blog\/ev-sahibi-evi-satacagim-diye-kiraciyi-cikarabilir-mi\/\" \/>\n<meta property=\"og:locale\" content=\"tr_TR\" \/>\n<meta property=\"og:type\" content=\"article\" \/>\n<meta property=\"og:title\" content=\"Ev Sahibi Evi Sataca\u011f\u0131m Diye Kirac\u0131y\u0131 \u00c7\u0131karabilir Mi? - M\u00fclk Takibi\" \/>\n<meta property=\"og:description\" content=\"Ev sahibi evi sataca\u011f\u0131m diye kirac\u0131y\u0131 \u00e7\u0131karabilir mi?\u201d sorusu s\u0131k\u00e7a merak edilir; yaln\u0131zca sat\u0131\u015f gerek\u00e7esi kirac\u0131n\u0131n hemen...\" \/>\n<meta property=\"og:url\" content=\"https:\/\/mulktakibi.com\/blog\/ev-sahibi-evi-satacagim-diye-kiraciyi-cikarabilir-mi\/\" \/>\n<meta property=\"og:site_name\" content=\"M\u00fclk Takibi\" \/>\n<meta property=\"article:publisher\" content=\"https:\/\/www.facebook.com\/mulktakibi\" \/>\n<meta property=\"article:published_time\" content=\"2026-03-08T09:00:00+00:00\" \/>\n<meta property=\"article:modified_time\" content=\"2026-03-07T17:07:39+00:00\" \/>\n<meta property=\"og:image\" content=\"https:\/\/mulktakibi.com\/blog\/wp-content\/uploads\/2026\/03\/Ev-Sahibi-Evi-Satacagim-Diye-Kiraciyi-Cikarabilir-Mi.jpeg\" \/>\n\t<meta property=\"og:image:width\" content=\"1536\" \/>\n\t<meta property=\"og:image:height\" content=\"1024\" \/>\n\t<meta property=\"og:image:type\" content=\"image\/jpeg\" \/>\n<meta name=\"author\" content=\"\u015eule Akyol\" \/>\n<meta name=\"twitter:card\" content=\"summary_large_image\" \/>\n<meta name=\"twitter:creator\" content=\"@mulktakibi\" \/>\n<meta name=\"twitter:site\" content=\"@mulktakibi\" \/>\n<meta name=\"twitter:label1\" content=\"Yazan:\" \/>\n\t<meta name=\"twitter:data1\" content=\"\u015eule Akyol\" \/>\n\t<meta name=\"twitter:label2\" content=\"Tahmini okuma s\u00fcresi\" \/>\n\t<meta name=\"twitter:data2\" content=\"4 dakika\" \/>\n<script type=\"application\/ld+json\" class=\"yoast-schema-graph\">{\"@context\":\"https:\/\/schema.org\",\"@graph\":[{\"@type\":\"Article\",\"@id\":\"https:\/\/mulktakibi.com\/blog\/ev-sahibi-evi-satacagim-diye-kiraciyi-cikarabilir-mi\/#article\",\"isPartOf\":{\"@id\":\"https:\/\/mulktakibi.com\/blog\/ev-sahibi-evi-satacagim-diye-kiraciyi-cikarabilir-mi\/\"},\"author\":{\"name\":\"\u015eule Akyol\",\"@id\":\"https:\/\/mulktakibi.com\/blog\/#\/schema\/person\/fe857fef554e553559eb568296f6dd43\"},\"headline\":\"Ev Sahibi Evi Sataca\u011f\u0131m Diye Kirac\u0131y\u0131 \u00c7\u0131karabilir Mi?\",\"datePublished\":\"2026-03-08T09:00:00+00:00\",\"dateModified\":\"2026-03-07T17:07:39+00:00\",\"mainEntityOfPage\":{\"@id\":\"https:\/\/mulktakibi.com\/blog\/ev-sahibi-evi-satacagim-diye-kiraciyi-cikarabilir-mi\/\"},\"wordCount\":722,\"commentCount\":0,\"publisher\":{\"@id\":\"https:\/\/mulktakibi.com\/blog\/#organization\"},\"inLanguage\":\"tr\",\"potentialAction\":[{\"@type\":\"CommentAction\",\"name\":\"Comment\",\"target\":[\"https:\/\/mulktakibi.com\/blog\/ev-sahibi-evi-satacagim-diye-kiraciyi-cikarabilir-mi\/#respond\"]}]},{\"@type\":\"WebPage\",\"@id\":\"https:\/\/mulktakibi.com\/blog\/ev-sahibi-evi-satacagim-diye-kiraciyi-cikarabilir-mi\/\",\"url\":\"https:\/\/mulktakibi.com\/blog\/ev-sahibi-evi-satacagim-diye-kiraciyi-cikarabilir-mi\/\",\"name\":\"Ev Sahibi Evi Sataca\u011f\u0131m Diye Kirac\u0131y\u0131 \u00c7\u0131karabilir Mi? - M\u00fclk Takibi\",\"isPartOf\":{\"@id\":\"https:\/\/mulktakibi.com\/blog\/#website\"},\"datePublished\":\"2026-03-08T09:00:00+00:00\",\"dateModified\":\"2026-03-07T17:07:39+00:00\",\"description\":\"Ev sahibi evi sataca\u011f\u0131m diye kirac\u0131y\u0131 \u00e7\u0131karabilir mi?\u201d sorusu s\u0131k\u00e7a merak edilir; yaln\u0131zca sat\u0131\u015f gerek\u00e7esi kirac\u0131n\u0131n hemen...\",\"breadcrumb\":{\"@id\":\"https:\/\/mulktakibi.com\/blog\/ev-sahibi-evi-satacagim-diye-kiraciyi-cikarabilir-mi\/#breadcrumb\"},\"inLanguage\":\"tr\",\"potentialAction\":[{\"@type\":\"ReadAction\",\"target\":[\"https:\/\/mulktakibi.com\/blog\/ev-sahibi-evi-satacagim-diye-kiraciyi-cikarabilir-mi\/\"]}]},{\"@type\":\"BreadcrumbList\",\"@id\":\"https:\/\/mulktakibi.com\/blog\/ev-sahibi-evi-satacagim-diye-kiraciyi-cikarabilir-mi\/#breadcrumb\",\"itemListElement\":[{\"@type\":\"ListItem\",\"position\":1,\"name\":\"Anasayfa\",\"item\":\"https:\/\/mulktakibi.com\/blog\/\"},{\"@type\":\"ListItem\",\"position\":2,\"name\":\"Ev Sahibi Evi Sataca\u011f\u0131m Diye Kirac\u0131y\u0131 \u00c7\u0131karabilir Mi?\"}]},{\"@type\":\"WebSite\",\"@id\":\"https:\/\/mulktakibi.com\/blog\/#website\",\"url\":\"https:\/\/mulktakibi.com\/blog\/\",\"name\":\"M\u00fclk Takibi\",\"description\":\"| Online Kira Takip Program\u0131 | Kira Takibi\",\"publisher\":{\"@id\":\"https:\/\/mulktakibi.com\/blog\/#organization\"},\"potentialAction\":[{\"@type\":\"SearchAction\",\"target\":{\"@type\":\"EntryPoint\",\"urlTemplate\":\"https:\/\/mulktakibi.com\/blog\/?s={search_term_string}\"},\"query-input\":\"required name=search_term_string\"}],\"inLanguage\":\"tr\"},{\"@type\":\"Organization\",\"@id\":\"https:\/\/mulktakibi.com\/blog\/#organization\",\"name\":\"M\u00fclk Takibi\",\"url\":\"https:\/\/mulktakibi.com\/blog\/\",\"logo\":{\"@type\":\"ImageObject\",\"inLanguage\":\"tr\",\"@id\":\"https:\/\/mulktakibi.com\/blog\/#\/schema\/logo\/image\/\",\"url\":\"https:\/\/mulktakibi.com\/blog\/wp-content\/uploads\/2022\/12\/logo.png\",\"contentUrl\":\"https:\/\/mulktakibi.com\/blog\/wp-content\/uploads\/2022\/12\/logo.png\",\"width\":300,\"height\":66,\"caption\":\"M\u00fclk Takibi\"},\"image\":{\"@id\":\"https:\/\/mulktakibi.com\/blog\/#\/schema\/logo\/image\/\"},\"sameAs\":[\"https:\/\/www.facebook.com\/mulktakibi\",\"https:\/\/twitter.com\/mulktakibi\",\"https:\/\/www.youtube.com\/channel\/UCZ0qRtwOZ01aeo-vswXKjqQ\",\"https:\/\/www.linkedin.com\/company\/mlk-takibi\/\",\"https:\/\/www.instagram.com\/mulktakibi\/\"]},{\"@type\":\"Person\",\"@id\":\"https:\/\/mulktakibi.com\/blog\/#\/schema\/person\/fe857fef554e553559eb568296f6dd43\",\"name\":\"\u015eule Akyol\",\"image\":{\"@type\":\"ImageObject\",\"inLanguage\":\"tr\",\"@id\":\"https:\/\/mulktakibi.com\/blog\/#\/schema\/person\/image\/\",\"url\":\"https:\/\/secure.gravatar.com\/avatar\/42cd57afda1d2ff6e51d534d996e862ffbf27dc3d8391abac3f6a9a9186b037a?s=96&d=mm&r=g\",\"contentUrl\":\"https:\/\/secure.gravatar.com\/avatar\/42cd57afda1d2ff6e51d534d996e862ffbf27dc3d8391abac3f6a9a9186b037a?s=96&d=mm&r=g\",\"caption\":\"\u015eule Akyol\"},\"sameAs\":[\"https:\/\/mulktakibi.com\"],\"url\":\"https:\/\/mulktakibi.com\/blog\/author\/suleakyol\/\"}]}<\/script>\n<!-- \/ Yoast SEO plugin. -->","yoast_head_json":{"title":"Ev Sahibi Evi Sataca\u011f\u0131m Diye Kirac\u0131y\u0131 \u00c7\u0131karabilir Mi? - M\u00fclk Takibi","description":"Ev sahibi evi sataca\u011f\u0131m diye kirac\u0131y\u0131 \u00e7\u0131karabilir mi?\u201d sorusu s\u0131k\u00e7a merak edilir; yaln\u0131zca sat\u0131\u015f gerek\u00e7esi kirac\u0131n\u0131n hemen...","robots":{"index":"index","follow":"follow","max-snippet":"max-snippet:-1","max-image-preview":"max-image-preview:large","max-video-preview":"max-video-preview:-1"},"canonical":"https:\/\/mulktakibi.com\/blog\/ev-sahibi-evi-satacagim-diye-kiraciyi-cikarabilir-mi\/","og_locale":"tr_TR","og_type":"article","og_title":"Ev Sahibi Evi Sataca\u011f\u0131m Diye Kirac\u0131y\u0131 \u00c7\u0131karabilir Mi? - M\u00fclk Takibi","og_description":"Ev sahibi evi sataca\u011f\u0131m diye kirac\u0131y\u0131 \u00e7\u0131karabilir mi?\u201d sorusu s\u0131k\u00e7a merak edilir; yaln\u0131zca sat\u0131\u015f gerek\u00e7esi kirac\u0131n\u0131n hemen...","og_url":"https:\/\/mulktakibi.com\/blog\/ev-sahibi-evi-satacagim-diye-kiraciyi-cikarabilir-mi\/","og_site_name":"M\u00fclk Takibi","article_publisher":"https:\/\/www.facebook.com\/mulktakibi","article_published_time":"2026-03-08T09:00:00+00:00","article_modified_time":"2026-03-07T17:07:39+00:00","og_image":[{"width":1536,"height":1024,"url":"https:\/\/mulktakibi.com\/blog\/wp-content\/uploads\/2026\/03\/Ev-Sahibi-Evi-Satacagim-Diye-Kiraciyi-Cikarabilir-Mi.jpeg","type":"image\/jpeg"}],"author":"\u015eule Akyol","twitter_card":"summary_large_image","twitter_creator":"@mulktakibi","twitter_site":"@mulktakibi","twitter_misc":{"Yazan:":"\u015eule Akyol","Tahmini okuma s\u00fcresi":"4 dakika"},"schema":{"@context":"https:\/\/schema.org","@graph":[{"@type":"Article","@id":"https:\/\/mulktakibi.com\/blog\/ev-sahibi-evi-satacagim-diye-kiraciyi-cikarabilir-mi\/#article","isPartOf":{"@id":"https:\/\/mulktakibi.com\/blog\/ev-sahibi-evi-satacagim-diye-kiraciyi-cikarabilir-mi\/"},"author":{"name":"\u015eule Akyol","@id":"https:\/\/mulktakibi.com\/blog\/#\/schema\/person\/fe857fef554e553559eb568296f6dd43"},"headline":"Ev Sahibi Evi Sataca\u011f\u0131m Diye Kirac\u0131y\u0131 \u00c7\u0131karabilir Mi?","datePublished":"2026-03-08T09:00:00+00:00","dateModified":"2026-03-07T17:07:39+00:00","mainEntityOfPage":{"@id":"https:\/\/mulktakibi.com\/blog\/ev-sahibi-evi-satacagim-diye-kiraciyi-cikarabilir-mi\/"},"wordCount":722,"commentCount":0,"publisher":{"@id":"https:\/\/mulktakibi.com\/blog\/#organization"},"inLanguage":"tr","potentialAction":[{"@type":"CommentAction","name":"Comment","target":["https:\/\/mulktakibi.com\/blog\/ev-sahibi-evi-satacagim-diye-kiraciyi-cikarabilir-mi\/#respond"]}]},{"@type":"WebPage","@id":"https:\/\/mulktakibi.com\/blog\/ev-sahibi-evi-satacagim-diye-kiraciyi-cikarabilir-mi\/","url":"https:\/\/mulktakibi.com\/blog\/ev-sahibi-evi-satacagim-diye-kiraciyi-cikarabilir-mi\/","name":"Ev Sahibi Evi Sataca\u011f\u0131m Diye Kirac\u0131y\u0131 \u00c7\u0131karabilir Mi? - M\u00fclk Takibi","isPartOf":{"@id":"https:\/\/mulktakibi.com\/blog\/#website"},"datePublished":"2026-03-08T09:00:00+00:00","dateModified":"2026-03-07T17:07:39+00:00","description":"Ev sahibi evi sataca\u011f\u0131m diye kirac\u0131y\u0131 \u00e7\u0131karabilir mi?\u201d sorusu s\u0131k\u00e7a merak edilir; yaln\u0131zca sat\u0131\u015f gerek\u00e7esi kirac\u0131n\u0131n hemen...","breadcrumb":{"@id":"https:\/\/mulktakibi.com\/blog\/ev-sahibi-evi-satacagim-diye-kiraciyi-cikarabilir-mi\/#breadcrumb"},"inLanguage":"tr","potentialAction":[{"@type":"ReadAction","target":["https:\/\/mulktakibi.com\/blog\/ev-sahibi-evi-satacagim-diye-kiraciyi-cikarabilir-mi\/"]}]},{"@type":"BreadcrumbList","@id":"https:\/\/mulktakibi.com\/blog\/ev-sahibi-evi-satacagim-diye-kiraciyi-cikarabilir-mi\/#breadcrumb","itemListElement":[{"@type":"ListItem","position":1,"name":"Anasayfa","item":"https:\/\/mulktakibi.com\/blog\/"},{"@type":"ListItem","position":2,"name":"Ev Sahibi Evi Sataca\u011f\u0131m Diye Kirac\u0131y\u0131 \u00c7\u0131karabilir Mi?"}]},{"@type":"WebSite","@id":"https:\/\/mulktakibi.com\/blog\/#website","url":"https:\/\/mulktakibi.com\/blog\/","name":"M\u00fclk Takibi","description":"| Online Kira Takip Program\u0131 | Kira Takibi","publisher":{"@id":"https:\/\/mulktakibi.com\/blog\/#organization"},"potentialAction":[{"@type":"SearchAction","target":{"@type":"EntryPoint","urlTemplate":"https:\/\/mulktakibi.com\/blog\/?s={search_term_string}"},"query-input":"required name=search_term_string"}],"inLanguage":"tr"},{"@type":"Organization","@id":"https:\/\/mulktakibi.com\/blog\/#organization","name":"M\u00fclk Takibi","url":"https:\/\/mulktakibi.com\/blog\/","logo":{"@type":"ImageObject","inLanguage":"tr","@id":"https:\/\/mulktakibi.com\/blog\/#\/schema\/logo\/image\/","url":"https:\/\/mulktakibi.com\/blog\/wp-content\/uploads\/2022\/12\/logo.png","contentUrl":"https:\/\/mulktakibi.com\/blog\/wp-content\/uploads\/2022\/12\/logo.png","width":300,"height":66,"caption":"M\u00fclk Takibi"},"image":{"@id":"https:\/\/mulktakibi.com\/blog\/#\/schema\/logo\/image\/"},"sameAs":["https:\/\/www.facebook.com\/mulktakibi","https:\/\/twitter.com\/mulktakibi","https:\/\/www.youtube.com\/channel\/UCZ0qRtwOZ01aeo-vswXKjqQ","https:\/\/www.linkedin.com\/company\/mlk-takibi\/","https:\/\/www.instagram.com\/mulktakibi\/"]},{"@type":"Person","@id":"https:\/\/mulktakibi.com\/blog\/#\/schema\/person\/fe857fef554e553559eb568296f6dd43","name":"\u015eule Akyol","image":{"@type":"ImageObject","inLanguage":"tr","@id":"https:\/\/mulktakibi.com\/blog\/#\/schema\/person\/image\/","url":"https:\/\/secure.gravatar.com\/avatar\/42cd57afda1d2ff6e51d534d996e862ffbf27dc3d8391abac3f6a9a9186b037a?s=96&d=mm&r=g","contentUrl":"https:\/\/secure.gravatar.com\/avatar\/42cd57afda1d2ff6e51d534d996e862ffbf27dc3d8391abac3f6a9a9186b037a?s=96&d=mm&r=g","caption":"\u015eule Akyol"},"sameAs":["https:\/\/mulktakibi.com"],"url":"https:\/\/mulktakibi.com\/blog\/author\/suleakyol\/"}]}},"_links":{"self":[{"href":"https:\/\/mulktakibi.com\/blog\/wp-json\/wp\/v2\/posts\/617","targetHints":{"allow":["GET"]}}],"collection":[{"href":"https:\/\/mulktakibi.com\/blog\/wp-json\/wp\/v2\/posts"}],"about":[{"href":"https:\/\/mulktakibi.com\/blog\/wp-json\/wp\/v2\/types\/post"}],"author":[{"embeddable":true,"href":"https:\/\/mulktakibi.com\/blog\/wp-json\/wp\/v2\/users\/2"}],"replies":[{"embeddable":true,"href":"https:\/\/mulktakibi.com\/blog\/wp-json\/wp\/v2\/comments?post=617"}],"version-history":[{"count":1,"href":"https:\/\/mulktakibi.com\/blog\/wp-json\/wp\/v2\/posts\/617\/revisions"}],"predecessor-version":[{"id":621,"href":"https:\/\/mulktakibi.com\/blog\/wp-json\/wp\/v2\/posts\/617\/revisions\/621"}],"wp:featuredmedia":[{"embeddable":true,"href":"https:\/\/mulktakibi.com\/blog\/wp-json\/wp\/v2\/media\/618"}],"wp:attachment":[{"href":"https:\/\/mulktakibi.com\/blog\/wp-json\/wp\/v2\/media?parent=617"}],"wp:term":[{"taxonomy":"category","embeddable":true,"href":"https:\/\/mulktakibi.com\/blog\/wp-json\/wp\/v2\/categories?post=617"},{"taxonomy":"post_tag","embeddable":true,"href":"https:\/\/mulktakibi.com\/blog\/wp-json\/wp\/v2\/tags?post=617"}],"curies":[{"name":"wp","href":"https:\/\/api.w.org\/{rel}","templated":true}]}}