{"id":508,"date":"2026-01-11T12:00:00","date_gmt":"2026-01-11T09:00:00","guid":{"rendered":"https:\/\/mulktakibi.com\/blog\/?p=508"},"modified":"2026-01-13T11:19:46","modified_gmt":"2026-01-13T08:19:46","slug":"ev-tadilatinda-onarim-ve-bakim-ucretleri-kime-ait","status":"publish","type":"post","link":"https:\/\/mulktakibi.com\/blog\/ev-tadilatinda-onarim-ve-bakim-ucretleri-kime-ait\/","title":{"rendered":"Ev Tadilat\u0131nda Onar\u0131m ve Bak\u0131m \u00dccretleri Kime Ait?"},"content":{"rendered":"\n<p>Ev kiralama ya da kiraya verme s\u00fcrecinde o<strong>nar\u0131m ve bak\u0131m  \u00fccretleri kime ait <\/strong>sorusunun cevab\u0131 devaml\u0131 ara\u015ft\u0131r\u0131lmaktad\u0131r. Kirac\u0131lar baz\u0131 durumlarda kira bedelinden d\u00fc\u015f\u00fcr\u00fclecek masraflar\u0131 bilmek istemekte ve bu haklar\u0131ndan faydalanmak istemektedirler. Kirama s\u00fcresi boyunca hem ev sahibinin hem de kirac\u0131n\u0131n kendi haklar\u0131n\u0131 bilmesi, s\u00fcrecin daha sa\u011fl\u0131kl\u0131 ilerlemesi i\u00e7in gereklidir.<\/p>\n\n\n\n<p>Ev i\u00e7inde onar\u0131m ve bak\u0131m i\u00e7in yap\u0131lan harcamalar aras\u0131nda yer alan elektrik sistemi ve su tesisatlar\u0131 gibi temel ekipmanlar i\u00e7in harcanan \u00fccretler kiradan d\u00fc\u015f\u00fcr\u00fclen \u00fccretler aras\u0131ndad\u0131r. Kira s\u00f6zle\u015fmesinin ba\u015flay\u0131p sona erdi\u011fi s\u00fcre boyunca \u00f6denen harcamalar\u0131n tamam\u0131 ev i\u015fleri i\u00e7in yap\u0131lan harcamalarsa kiradan d\u00fc\u015f\u00fcr\u00fclmektedir.<\/p>\n\n\n\n<p>Kira s\u00fcresi boyunca masraflar ve kirac\u0131n\u0131n sorumlu oldu\u011fu durumlar kira s\u00f6zle\u015fmesini olu\u015fturan temellerdir. Kirac\u0131lar ev sahibinin s\u00f6zle\u015fmede belirtti\u011fi masraflar\u0131 \u00f6demekle y\u00fck\u00fcml\u00fcd\u00fcr. Kira bedelinde d\u00fc\u015f\u00fcr\u00fclecek masraflar\u0131n faturalar\u0131 mutlaka ev sahiplerine iletilmelidir.<\/p>\n\n\n\n<h3 class=\"wp-block-heading\">Onar\u0131m ve Bak\u0131m \u00dccretleri<\/h3>\n\n\n\n<p>Onar\u0131m ve Bak\u0131m \u00fccretleri konutun fiziksel sa\u011fl\u0131\u011f\u0131n\u0131 s\u00fcrd\u00fcrebilmek ve iyile\u015ftirmek i\u00e7in yap\u0131lan masraflard\u0131r. Ampul de\u011fi\u015ftirme gibi k\u00fc\u00e7\u00fck masraflar kirac\u0131lar taraf\u0131ndan kar\u015f\u0131lanmal\u0131d\u0131r. Ancak b\u00fcy\u00fck tamir ve bak\u0131m masraflar\u0131 ev sahiplerinin sorumlulu\u011fundad\u0131r. Bunlara d\u0131\u015f cephe, \u00e7at\u0131 gibi alanlar\u0131 i\u00e7ermektedir. Bak\u0131m ve onar\u0131m giderleri, kirac\u0131n\u0131n faturalarla talep etti\u011fi \u00fczere yap\u0131lmaktad\u0131r.<\/p>\n\n\n\n<figure class=\"wp-block-image size-large\"><img loading=\"lazy\" decoding=\"async\" width=\"1024\" height=\"683\" src=\"https:\/\/mulktakibi.com\/blog\/wp-content\/uploads\/2026\/01\/kiraci-hangi-masraflardan-sorumludur-1024x683.jpeg\" alt=\"\" class=\"wp-image-509\" srcset=\"https:\/\/mulktakibi.com\/blog\/wp-content\/uploads\/2026\/01\/kiraci-hangi-masraflardan-sorumludur-1024x683.jpeg 1024w, https:\/\/mulktakibi.com\/blog\/wp-content\/uploads\/2026\/01\/kiraci-hangi-masraflardan-sorumludur-300x200.jpeg 300w, https:\/\/mulktakibi.com\/blog\/wp-content\/uploads\/2026\/01\/kiraci-hangi-masraflardan-sorumludur-768x512.jpeg 768w, https:\/\/mulktakibi.com\/blog\/wp-content\/uploads\/2026\/01\/kiraci-hangi-masraflardan-sorumludur.jpeg 1536w\" sizes=\"auto, (max-width: 1024px) 100vw, 1024px\" \/><\/figure>\n\n\n\n<p>B\u00fcy\u00fck masraflar ev sahiplerine aittir. Hangi masraflar\u0131n ev sahibine ait oldu\u011fu bir yandan s\u00f6zle\u015fmeye ba\u011fl\u0131d\u0131r. Kira s\u00f6zle\u015fmesinde ev sahibinin binada ger\u00e7ekle\u015fen geni\u015f kapsaml\u0131 tamirleri, kirac\u0131n\u0131n da g\u00fcnl\u00fck bak\u0131m ve k\u00fc\u00e7\u00fck tamirleri \u00fcstlendi\u011fi belirtilmektedir. E\u011fer s\u00f6zle\u015fmede aksi belirtiliyorsa b\u00fcy\u00fck masraflar da kirac\u0131ya ait olabilmektedir. Bu nedenle yap\u0131lan kira s\u00f6zle\u015fmelerine dikkat edilmelidir.<\/p>\n\n\n\n<h3 class=\"wp-block-heading\">Aidat<\/h3>\n\n\n\n<p>Aidat giderleri ortak kullan\u0131m alanlar\u0131n\u0131n onar\u0131m\u0131, bak\u0131m\u0131, \u00e7al\u0131\u015fan maa\u015flar\u0131 ve g\u00fcvenli\u011fi i\u00e7in al\u0131nan \u00fccretlerdir. Bah\u00e7e bak\u0131m\u0131, asans\u00f6r bak\u0131m\u0131 ve bah\u00e7e masraflar\u0131 gibi \u00f6denekler aidatlarla kar\u015f\u0131lan\u0131r. Bu masraflar konut sahipleri aras\u0131nda e\u015fit \u015fekilde payla\u015ft\u0131r\u0131larak talep edilmektedir. Aidatlar ayl\u0131k ya da y\u0131ll\u0131k olarak toplanmaktad\u0131r. Evde oturulan s\u00fcre boyunca aidat \u00f6demelerinden ev sahibi sorumludur.<\/p>\n\n\n\n<p>S\u00f6zle\u015fmede aidat kirac\u0131ya ait olarak ge\u00e7iyorsa bu durumda kirac\u0131 aidat \u00f6der. Ancak kirac\u0131 aidat \u00f6dememi\u015fse bu durumda apartman ya da site y\u00f6netimi bu aidat\u0131 alabilmek ad\u0131na ev sahibine icra i\u015flemi ba\u015flatabilmektedir.<\/p>\n\n\n\n<h2 class=\"wp-block-heading\">Ev Sahibi Hangi Masraflardan Sorumludur?<\/h2>\n\n\n\n<p>Ev sahibi hangi masraflardan sorumludur sorusu da hem kirac\u0131lar hem de ev sahipleri aras\u0131nda en \u00e7ok sorulan sorulardan bir di\u011feridir. Ev sahibi de kirac\u0131 gibi baz\u0131 genel masraflar\u0131 kar\u015f\u0131lamak durumundad\u0131r. Geni\u015f \u00e7apl\u0131 bak\u0131m, onar\u0131m ve tadilattan ev sahibi sorumludur. Bunlar\u0131n yan\u0131 s\u0131ra ev sahipleri, emlak vergisi \u00f6demekle de y\u00fck\u00fcml\u00fcd\u00fcr. Emlak vergisi m\u00fclk\u00fcn de\u011ferine g\u00f6re belirlenmektedir. Belediye taraf\u0131ndan tahsil edilmektedirler. Bu vergiler kirac\u0131ya de\u011fil, mal\u0131n sahibi olan ki\u015fiye aittir.<\/p>\n\n\n\n<p>Ayr\u0131ca boya masraflar\u0131 da ev sahibine aittir ve kira s\u00f6zle\u015fmesinde a\u00e7\u0131k\u00e7a belirtilmektedir. Ev sahiplerini konutun bak\u0131m\u0131ndan ve de\u011ferinin korunmas\u0131na sorumludur. Bu durumda kirac\u0131lar\u0131n da mevcut boyan\u0131n durumunu korumas\u0131 gerekir. Bu sorumluluk belirlenen \u015fartlara g\u00f6re de\u011fi\u015febilmektedir. Boyadan ev sahibi sorumlu olsa bile baz\u0131 durumlarda kirac\u0131ya aittir. \u00d6rne\u011fin evden \u00e7\u0131karken yap\u0131lan boya ev sahibine aittir. Evi kullan\u0131rken yap\u0131lan boyadan kirac\u0131lar sorumludur.<\/p>\n\n\n\n<p>Kiral\u0131k evlerde meydana gelen demirba\u015f ar\u0131zalar\u0131n\u0131n giderilmesin de ev sahibi sorumludur. \u00c7\u00fcnk\u00fc bu demirba\u015flar evin donan\u0131msal ve yap\u0131sal \u00f6zelliklerine dahildir. Kira s\u00f6zle\u015fmesinde aksi belirtilmemi\u015fse demirba\u015flar\u0131n bak\u0131m onar\u0131m ve de\u011fi\u015fiminden ev sahibi sorumlu olacakt\u0131r.<\/p>\n\n\n\n<p>Bunlar d\u0131\u015f\u0131nda d\u0131\u015f cephe boyas\u0131, asans\u00f6r bak\u0131m\u0131, bah\u00e7e bak\u0131m\u0131, yal\u0131t\u0131m ve g\u00fcvenlik donan\u0131mlar\u0131 gibi masraflar\u0131 s\u00f6zle\u015fmede aksi belirtilmemi\u015fse ev sahipleri kar\u015f\u0131lamakla y\u00fck\u00fcml\u00fcd\u00fcr. Bu masraflar\u0131n d\u00fczenlenmesi ve de\u011fi\u015febilmesi i\u00e7in s\u00f6zle\u015fmede a\u00e7\u0131k\u00e7a belirtilmesi gerekir.<\/p>\n\n\n\n<p><a href=\"https:\/\/mulktakibi.com\/blog\/ev-sahibi-hangi-masraflari-oder\/\">Ev Sahibi Hangi Masraflar\u0131 \u00d6der?<\/a><\/p>\n\n\n","protected":false},"excerpt":{"rendered":"<p>Ev kiralama ya da kiraya verme s\u00fcrecinde onar\u0131m ve bak\u0131m \u00fccretleri kime ait sorusunun cevab\u0131 devaml\u0131 ara\u015ft\u0131r\u0131lmaktad\u0131r. Kirac\u0131lar baz\u0131 durumlarda kira bedelinden d\u00fc\u015f\u00fcr\u00fclecek masraflar\u0131 bilmek istemekte ve bu haklar\u0131ndan faydalanmak istemektedirler. Kirama s\u00fcresi boyunca hem ev sahibinin hem de kirac\u0131n\u0131n kendi haklar\u0131n\u0131 bilmesi, s\u00fcrecin daha sa\u011fl\u0131kl\u0131 ilerlemesi i\u00e7in gereklidir. Ev i\u00e7inde onar\u0131m ve bak\u0131m i\u00e7in [&#8230;]\n","protected":false},"author":2,"featured_media":517,"comment_status":"open","ping_status":"open","sticky":false,"template":"","format":"standard","meta":{"footnotes":""},"categories":[1],"tags":[],"class_list":["post-508","post","type-post","status-publish","format-standard","has-post-thumbnail","hentry","category-genel"],"yoast_head":"<!-- This site is optimized with the Yoast SEO plugin v20.5 - https:\/\/yoast.com\/wordpress\/plugins\/seo\/ -->\n<title>Ev Tadilat\u0131nda Onar\u0131m ve Bak\u0131m \u00dccretleri Kime Ait? - M\u00fclk Takibi<\/title>\n<meta name=\"description\" content=\"Onar\u0131m ve bak\u0131m \u00fccretleri kime ait \u00f6\u011frenmek ister misiniz? Faturalar, bak\u0131m ve onar\u0131m giderleriyle ilgili merak edilen t\u00fcm detaylar\u0131 \u015fimdi ke\u015ffedin.\" \/>\n<meta name=\"robots\" content=\"index, follow, max-snippet:-1, max-image-preview:large, max-video-preview:-1\" \/>\n<link rel=\"canonical\" href=\"https:\/\/mulktakibi.com\/blog\/ev-tadilatinda-onarim-ve-bakim-ucretleri-kime-ait\/\" \/>\n<meta property=\"og:locale\" content=\"tr_TR\" \/>\n<meta property=\"og:type\" content=\"article\" \/>\n<meta property=\"og:title\" content=\"Ev Tadilat\u0131nda Onar\u0131m ve Bak\u0131m \u00dccretleri Kime Ait? - M\u00fclk Takibi\" \/>\n<meta property=\"og:description\" content=\"Onar\u0131m ve bak\u0131m \u00fccretleri kime ait \u00f6\u011frenmek ister misiniz? Faturalar, bak\u0131m ve onar\u0131m giderleriyle ilgili merak edilen t\u00fcm detaylar\u0131 \u015fimdi ke\u015ffedin.\" \/>\n<meta property=\"og:url\" content=\"https:\/\/mulktakibi.com\/blog\/ev-tadilatinda-onarim-ve-bakim-ucretleri-kime-ait\/\" \/>\n<meta property=\"og:site_name\" content=\"M\u00fclk Takibi\" \/>\n<meta property=\"article:publisher\" content=\"https:\/\/www.facebook.com\/mulktakibi\" \/>\n<meta property=\"article:published_time\" content=\"2026-01-11T09:00:00+00:00\" \/>\n<meta property=\"article:modified_time\" content=\"2026-01-13T08:19:46+00:00\" \/>\n<meta property=\"og:image\" content=\"https:\/\/mulktakibi.com\/blog\/wp-content\/uploads\/2026\/01\/bakim-ve-onarim-ucretleri-kime-ait.jpeg\" \/>\n\t<meta property=\"og:image:width\" content=\"1536\" \/>\n\t<meta property=\"og:image:height\" content=\"1024\" \/>\n\t<meta property=\"og:image:type\" content=\"image\/jpeg\" \/>\n<meta name=\"author\" content=\"\u015eule Akyol\" \/>\n<meta name=\"twitter:card\" content=\"summary_large_image\" \/>\n<meta name=\"twitter:creator\" content=\"@mulktakibi\" \/>\n<meta name=\"twitter:site\" content=\"@mulktakibi\" \/>\n<meta name=\"twitter:label1\" content=\"Yazan:\" \/>\n\t<meta name=\"twitter:data1\" content=\"\u015eule Akyol\" \/>\n\t<meta name=\"twitter:label2\" content=\"Tahmini okuma s\u00fcresi\" \/>\n\t<meta name=\"twitter:data2\" content=\"4 dakika\" \/>\n<script type=\"application\/ld+json\" class=\"yoast-schema-graph\">{\"@context\":\"https:\/\/schema.org\",\"@graph\":[{\"@type\":\"Article\",\"@id\":\"https:\/\/mulktakibi.com\/blog\/ev-tadilatinda-onarim-ve-bakim-ucretleri-kime-ait\/#article\",\"isPartOf\":{\"@id\":\"https:\/\/mulktakibi.com\/blog\/ev-tadilatinda-onarim-ve-bakim-ucretleri-kime-ait\/\"},\"author\":{\"name\":\"\u015eule Akyol\",\"@id\":\"https:\/\/mulktakibi.com\/blog\/#\/schema\/person\/fe857fef554e553559eb568296f6dd43\"},\"headline\":\"Ev Tadilat\u0131nda Onar\u0131m ve Bak\u0131m \u00dccretleri Kime Ait?\",\"datePublished\":\"2026-01-11T09:00:00+00:00\",\"dateModified\":\"2026-01-13T08:19:46+00:00\",\"mainEntityOfPage\":{\"@id\":\"https:\/\/mulktakibi.com\/blog\/ev-tadilatinda-onarim-ve-bakim-ucretleri-kime-ait\/\"},\"wordCount\":764,\"commentCount\":0,\"publisher\":{\"@id\":\"https:\/\/mulktakibi.com\/blog\/#organization\"},\"inLanguage\":\"tr\",\"potentialAction\":[{\"@type\":\"CommentAction\",\"name\":\"Comment\",\"target\":[\"https:\/\/mulktakibi.com\/blog\/ev-tadilatinda-onarim-ve-bakim-ucretleri-kime-ait\/#respond\"]}]},{\"@type\":\"WebPage\",\"@id\":\"https:\/\/mulktakibi.com\/blog\/ev-tadilatinda-onarim-ve-bakim-ucretleri-kime-ait\/\",\"url\":\"https:\/\/mulktakibi.com\/blog\/ev-tadilatinda-onarim-ve-bakim-ucretleri-kime-ait\/\",\"name\":\"Ev Tadilat\u0131nda Onar\u0131m ve Bak\u0131m \u00dccretleri Kime Ait? - M\u00fclk Takibi\",\"isPartOf\":{\"@id\":\"https:\/\/mulktakibi.com\/blog\/#website\"},\"datePublished\":\"2026-01-11T09:00:00+00:00\",\"dateModified\":\"2026-01-13T08:19:46+00:00\",\"description\":\"Onar\u0131m ve bak\u0131m \u00fccretleri kime ait \u00f6\u011frenmek ister misiniz? Faturalar, bak\u0131m ve onar\u0131m giderleriyle ilgili merak edilen t\u00fcm detaylar\u0131 \u015fimdi ke\u015ffedin.\",\"breadcrumb\":{\"@id\":\"https:\/\/mulktakibi.com\/blog\/ev-tadilatinda-onarim-ve-bakim-ucretleri-kime-ait\/#breadcrumb\"},\"inLanguage\":\"tr\",\"potentialAction\":[{\"@type\":\"ReadAction\",\"target\":[\"https:\/\/mulktakibi.com\/blog\/ev-tadilatinda-onarim-ve-bakim-ucretleri-kime-ait\/\"]}]},{\"@type\":\"BreadcrumbList\",\"@id\":\"https:\/\/mulktakibi.com\/blog\/ev-tadilatinda-onarim-ve-bakim-ucretleri-kime-ait\/#breadcrumb\",\"itemListElement\":[{\"@type\":\"ListItem\",\"position\":1,\"name\":\"Anasayfa\",\"item\":\"https:\/\/mulktakibi.com\/blog\/\"},{\"@type\":\"ListItem\",\"position\":2,\"name\":\"Ev Tadilat\u0131nda Onar\u0131m ve Bak\u0131m \u00dccretleri Kime Ait?\"}]},{\"@type\":\"WebSite\",\"@id\":\"https:\/\/mulktakibi.com\/blog\/#website\",\"url\":\"https:\/\/mulktakibi.com\/blog\/\",\"name\":\"M\u00fclk Takibi\",\"description\":\"| Online Kira Takip Program\u0131 | Kira Takibi\",\"publisher\":{\"@id\":\"https:\/\/mulktakibi.com\/blog\/#organization\"},\"potentialAction\":[{\"@type\":\"SearchAction\",\"target\":{\"@type\":\"EntryPoint\",\"urlTemplate\":\"https:\/\/mulktakibi.com\/blog\/?s={search_term_string}\"},\"query-input\":\"required name=search_term_string\"}],\"inLanguage\":\"tr\"},{\"@type\":\"Organization\",\"@id\":\"https:\/\/mulktakibi.com\/blog\/#organization\",\"name\":\"M\u00fclk Takibi\",\"url\":\"https:\/\/mulktakibi.com\/blog\/\",\"logo\":{\"@type\":\"ImageObject\",\"inLanguage\":\"tr\",\"@id\":\"https:\/\/mulktakibi.com\/blog\/#\/schema\/logo\/image\/\",\"url\":\"https:\/\/mulktakibi.com\/blog\/wp-content\/uploads\/2022\/12\/logo.png\",\"contentUrl\":\"https:\/\/mulktakibi.com\/blog\/wp-content\/uploads\/2022\/12\/logo.png\",\"width\":300,\"height\":66,\"caption\":\"M\u00fclk Takibi\"},\"image\":{\"@id\":\"https:\/\/mulktakibi.com\/blog\/#\/schema\/logo\/image\/\"},\"sameAs\":[\"https:\/\/www.facebook.com\/mulktakibi\",\"https:\/\/twitter.com\/mulktakibi\",\"https:\/\/www.youtube.com\/channel\/UCZ0qRtwOZ01aeo-vswXKjqQ\",\"https:\/\/www.linkedin.com\/company\/mlk-takibi\/\",\"https:\/\/www.instagram.com\/mulktakibi\/\"]},{\"@type\":\"Person\",\"@id\":\"https:\/\/mulktakibi.com\/blog\/#\/schema\/person\/fe857fef554e553559eb568296f6dd43\",\"name\":\"\u015eule Akyol\",\"image\":{\"@type\":\"ImageObject\",\"inLanguage\":\"tr\",\"@id\":\"https:\/\/mulktakibi.com\/blog\/#\/schema\/person\/image\/\",\"url\":\"https:\/\/secure.gravatar.com\/avatar\/42cd57afda1d2ff6e51d534d996e862ffbf27dc3d8391abac3f6a9a9186b037a?s=96&d=mm&r=g\",\"contentUrl\":\"https:\/\/secure.gravatar.com\/avatar\/42cd57afda1d2ff6e51d534d996e862ffbf27dc3d8391abac3f6a9a9186b037a?s=96&d=mm&r=g\",\"caption\":\"\u015eule Akyol\"},\"sameAs\":[\"https:\/\/mulktakibi.com\"],\"url\":\"https:\/\/mulktakibi.com\/blog\/author\/suleakyol\/\"}]}<\/script>\n<!-- \/ Yoast SEO plugin. -->","yoast_head_json":{"title":"Ev Tadilat\u0131nda Onar\u0131m ve Bak\u0131m \u00dccretleri Kime Ait? - M\u00fclk Takibi","description":"Onar\u0131m ve bak\u0131m \u00fccretleri kime ait \u00f6\u011frenmek ister misiniz? Faturalar, bak\u0131m ve onar\u0131m giderleriyle ilgili merak edilen t\u00fcm detaylar\u0131 \u015fimdi ke\u015ffedin.","robots":{"index":"index","follow":"follow","max-snippet":"max-snippet:-1","max-image-preview":"max-image-preview:large","max-video-preview":"max-video-preview:-1"},"canonical":"https:\/\/mulktakibi.com\/blog\/ev-tadilatinda-onarim-ve-bakim-ucretleri-kime-ait\/","og_locale":"tr_TR","og_type":"article","og_title":"Ev Tadilat\u0131nda Onar\u0131m ve Bak\u0131m \u00dccretleri Kime Ait? - M\u00fclk Takibi","og_description":"Onar\u0131m ve bak\u0131m \u00fccretleri kime ait \u00f6\u011frenmek ister misiniz? Faturalar, bak\u0131m ve onar\u0131m giderleriyle ilgili merak edilen t\u00fcm detaylar\u0131 \u015fimdi ke\u015ffedin.","og_url":"https:\/\/mulktakibi.com\/blog\/ev-tadilatinda-onarim-ve-bakim-ucretleri-kime-ait\/","og_site_name":"M\u00fclk Takibi","article_publisher":"https:\/\/www.facebook.com\/mulktakibi","article_published_time":"2026-01-11T09:00:00+00:00","article_modified_time":"2026-01-13T08:19:46+00:00","og_image":[{"width":1536,"height":1024,"url":"https:\/\/mulktakibi.com\/blog\/wp-content\/uploads\/2026\/01\/bakim-ve-onarim-ucretleri-kime-ait.jpeg","type":"image\/jpeg"}],"author":"\u015eule Akyol","twitter_card":"summary_large_image","twitter_creator":"@mulktakibi","twitter_site":"@mulktakibi","twitter_misc":{"Yazan:":"\u015eule Akyol","Tahmini okuma s\u00fcresi":"4 dakika"},"schema":{"@context":"https:\/\/schema.org","@graph":[{"@type":"Article","@id":"https:\/\/mulktakibi.com\/blog\/ev-tadilatinda-onarim-ve-bakim-ucretleri-kime-ait\/#article","isPartOf":{"@id":"https:\/\/mulktakibi.com\/blog\/ev-tadilatinda-onarim-ve-bakim-ucretleri-kime-ait\/"},"author":{"name":"\u015eule Akyol","@id":"https:\/\/mulktakibi.com\/blog\/#\/schema\/person\/fe857fef554e553559eb568296f6dd43"},"headline":"Ev Tadilat\u0131nda Onar\u0131m ve Bak\u0131m \u00dccretleri Kime Ait?","datePublished":"2026-01-11T09:00:00+00:00","dateModified":"2026-01-13T08:19:46+00:00","mainEntityOfPage":{"@id":"https:\/\/mulktakibi.com\/blog\/ev-tadilatinda-onarim-ve-bakim-ucretleri-kime-ait\/"},"wordCount":764,"commentCount":0,"publisher":{"@id":"https:\/\/mulktakibi.com\/blog\/#organization"},"inLanguage":"tr","potentialAction":[{"@type":"CommentAction","name":"Comment","target":["https:\/\/mulktakibi.com\/blog\/ev-tadilatinda-onarim-ve-bakim-ucretleri-kime-ait\/#respond"]}]},{"@type":"WebPage","@id":"https:\/\/mulktakibi.com\/blog\/ev-tadilatinda-onarim-ve-bakim-ucretleri-kime-ait\/","url":"https:\/\/mulktakibi.com\/blog\/ev-tadilatinda-onarim-ve-bakim-ucretleri-kime-ait\/","name":"Ev Tadilat\u0131nda Onar\u0131m ve Bak\u0131m \u00dccretleri Kime Ait? - M\u00fclk Takibi","isPartOf":{"@id":"https:\/\/mulktakibi.com\/blog\/#website"},"datePublished":"2026-01-11T09:00:00+00:00","dateModified":"2026-01-13T08:19:46+00:00","description":"Onar\u0131m ve bak\u0131m \u00fccretleri kime ait \u00f6\u011frenmek ister misiniz? Faturalar, bak\u0131m ve onar\u0131m giderleriyle ilgili merak edilen t\u00fcm detaylar\u0131 \u015fimdi ke\u015ffedin.","breadcrumb":{"@id":"https:\/\/mulktakibi.com\/blog\/ev-tadilatinda-onarim-ve-bakim-ucretleri-kime-ait\/#breadcrumb"},"inLanguage":"tr","potentialAction":[{"@type":"ReadAction","target":["https:\/\/mulktakibi.com\/blog\/ev-tadilatinda-onarim-ve-bakim-ucretleri-kime-ait\/"]}]},{"@type":"BreadcrumbList","@id":"https:\/\/mulktakibi.com\/blog\/ev-tadilatinda-onarim-ve-bakim-ucretleri-kime-ait\/#breadcrumb","itemListElement":[{"@type":"ListItem","position":1,"name":"Anasayfa","item":"https:\/\/mulktakibi.com\/blog\/"},{"@type":"ListItem","position":2,"name":"Ev Tadilat\u0131nda Onar\u0131m ve Bak\u0131m \u00dccretleri Kime Ait?"}]},{"@type":"WebSite","@id":"https:\/\/mulktakibi.com\/blog\/#website","url":"https:\/\/mulktakibi.com\/blog\/","name":"M\u00fclk Takibi","description":"| Online Kira Takip Program\u0131 | Kira Takibi","publisher":{"@id":"https:\/\/mulktakibi.com\/blog\/#organization"},"potentialAction":[{"@type":"SearchAction","target":{"@type":"EntryPoint","urlTemplate":"https:\/\/mulktakibi.com\/blog\/?s={search_term_string}"},"query-input":"required name=search_term_string"}],"inLanguage":"tr"},{"@type":"Organization","@id":"https:\/\/mulktakibi.com\/blog\/#organization","name":"M\u00fclk Takibi","url":"https:\/\/mulktakibi.com\/blog\/","logo":{"@type":"ImageObject","inLanguage":"tr","@id":"https:\/\/mulktakibi.com\/blog\/#\/schema\/logo\/image\/","url":"https:\/\/mulktakibi.com\/blog\/wp-content\/uploads\/2022\/12\/logo.png","contentUrl":"https:\/\/mulktakibi.com\/blog\/wp-content\/uploads\/2022\/12\/logo.png","width":300,"height":66,"caption":"M\u00fclk Takibi"},"image":{"@id":"https:\/\/mulktakibi.com\/blog\/#\/schema\/logo\/image\/"},"sameAs":["https:\/\/www.facebook.com\/mulktakibi","https:\/\/twitter.com\/mulktakibi","https:\/\/www.youtube.com\/channel\/UCZ0qRtwOZ01aeo-vswXKjqQ","https:\/\/www.linkedin.com\/company\/mlk-takibi\/","https:\/\/www.instagram.com\/mulktakibi\/"]},{"@type":"Person","@id":"https:\/\/mulktakibi.com\/blog\/#\/schema\/person\/fe857fef554e553559eb568296f6dd43","name":"\u015eule Akyol","image":{"@type":"ImageObject","inLanguage":"tr","@id":"https:\/\/mulktakibi.com\/blog\/#\/schema\/person\/image\/","url":"https:\/\/secure.gravatar.com\/avatar\/42cd57afda1d2ff6e51d534d996e862ffbf27dc3d8391abac3f6a9a9186b037a?s=96&d=mm&r=g","contentUrl":"https:\/\/secure.gravatar.com\/avatar\/42cd57afda1d2ff6e51d534d996e862ffbf27dc3d8391abac3f6a9a9186b037a?s=96&d=mm&r=g","caption":"\u015eule Akyol"},"sameAs":["https:\/\/mulktakibi.com"],"url":"https:\/\/mulktakibi.com\/blog\/author\/suleakyol\/"}]}},"_links":{"self":[{"href":"https:\/\/mulktakibi.com\/blog\/wp-json\/wp\/v2\/posts\/508","targetHints":{"allow":["GET"]}}],"collection":[{"href":"https:\/\/mulktakibi.com\/blog\/wp-json\/wp\/v2\/posts"}],"about":[{"href":"https:\/\/mulktakibi.com\/blog\/wp-json\/wp\/v2\/types\/post"}],"author":[{"embeddable":true,"href":"https:\/\/mulktakibi.com\/blog\/wp-json\/wp\/v2\/users\/2"}],"replies":[{"embeddable":true,"href":"https:\/\/mulktakibi.com\/blog\/wp-json\/wp\/v2\/comments?post=508"}],"version-history":[{"count":3,"href":"https:\/\/mulktakibi.com\/blog\/wp-json\/wp\/v2\/posts\/508\/revisions"}],"predecessor-version":[{"id":519,"href":"https:\/\/mulktakibi.com\/blog\/wp-json\/wp\/v2\/posts\/508\/revisions\/519"}],"wp:featuredmedia":[{"embeddable":true,"href":"https:\/\/mulktakibi.com\/blog\/wp-json\/wp\/v2\/media\/517"}],"wp:attachment":[{"href":"https:\/\/mulktakibi.com\/blog\/wp-json\/wp\/v2\/media?parent=508"}],"wp:term":[{"taxonomy":"category","embeddable":true,"href":"https:\/\/mulktakibi.com\/blog\/wp-json\/wp\/v2\/categories?post=508"},{"taxonomy":"post_tag","embeddable":true,"href":"https:\/\/mulktakibi.com\/blog\/wp-json\/wp\/v2\/tags?post=508"}],"curies":[{"name":"wp","href":"https:\/\/api.w.org\/{rel}","templated":true}]}}