{"id":470,"date":"2025-12-17T12:00:00","date_gmt":"2025-12-17T09:00:00","guid":{"rendered":"https:\/\/mulktakibi.com\/blog\/?p=470"},"modified":"2025-12-16T22:28:16","modified_gmt":"2025-12-16T19:28:16","slug":"kira-sozlesmesinin-gecersiz-sayildigi-ve-taraflarca-feshedildigi-baslica-durumlar","status":"publish","type":"post","link":"https:\/\/mulktakibi.com\/blog\/kira-sozlesmesinin-gecersiz-sayildigi-ve-taraflarca-feshedildigi-baslica-durumlar\/","title":{"rendered":"Kira S\u00f6zle\u015fmesinin Ge\u00e7ersiz Say\u0131ld\u0131\u011f\u0131 ve Taraflarca Feshedildi\u011fi Ba\u015fl\u0131ca Durumlar"},"content":{"rendered":"\n<p><strong>Kira s\u00f6zle\u015fmesinin ge\u00e7ersiz say\u0131ld\u0131\u011f\u0131 <\/strong>durumlar ve sonradan ortaya \u00e7\u0131kan sebeplerden kaynakl\u0131 taraflarca feshedildi\u011fi durumlar bulunmaktad\u0131r. Ev sahiplerinin ve kirac\u0131lar\u0131n hukuki g\u00fcvence duyabilmesi ad\u0131na kira s\u00f6zle\u015fmelerinin haz\u0131rlanmas\u0131 \u015fartt\u0131r. Fakat baz\u0131 durumlarda kira s\u00f6zle\u015fmesi ge\u00e7erlili\u011fini ta\u015f\u0131yamayabilir. Bu gibi durumlarda ya\u015fanan uyu\u015fmazl\u0131klar, s\u00f6zle\u015fmenin ge\u00e7ersiz say\u0131l\u0131p say\u0131lmayaca\u011f\u0131 veya hangi durumlarda feshedilebilece\u011fi hakk\u0131nda bilgi sahibi olmak \u00f6nemlidir.<\/p>\n\n\n\n<p>Her s\u00f6zle\u015fme s\u00fcresinin sonunu beklemeden de kira s\u00f6zle\u015fmesi sona erdirilebilir. Bundan dolay\u0131 kira ili\u015fkisine ba\u015flamadan \u00f6nce s\u00f6zle\u015fme imzalaman\u0131n d\u0131\u015f\u0131nda s\u00f6zle\u015fmenin hukuki niteli\u011fini bilmek gerekir. Ayr\u0131ca yaln\u0131zca hukuki niteli\u011fini bilmek yetmeyip, sona erme ihtimalleri de ayr\u0131nt\u0131lar\u0131yla ele al\u0131nmal\u0131d\u0131r. Sizler i\u00e7in bu yaz\u0131y\u0131 i\u00e7erisinde <strong>kira s\u00f6zle\u015fmesinin ge\u00e7ersiz say\u0131ld\u0131\u011f\u0131<\/strong> durumlar\u0131 ve bu durumlarda profesyonel takip \u00e7\u00f6z\u00fcmleri ile nas\u0131l kolay hale getirildi\u011fini inceleyece\u011fiz.<\/p>\n\n\n\n<h2 class=\"wp-block-heading\">Kira S\u00f6zle\u015fmesinin Feshi Ne Anlama Gelir?<\/h2>\n\n\n\n<p>Fesih durumu, ge\u00e7erli anlamda kurulmu\u015f olan kira s\u00f6zle\u015fmesinin ileriye d\u00f6n\u00fck olacak \u015fekilde sona erdirilmesini ifade etmektedir. Ge\u00e7ersiz olmas\u0131ndan farkl\u0131 olarak fesih durumlar\u0131nda s\u00f6zle\u015fme ge\u00e7mi\u015fte h\u00fck\u00fcm do\u011furmu\u015f kabul edilmektedir. Fakat fesih an\u0131ndan itibaren taraflar\u0131n bor\u00e7lar\u0131 tamamen sona ermektedir.<\/p>\n\n\n\n<p>T\u00fcrk Bor\u00e7lar Kanunu&#8217;na g\u00f6re hem kirac\u0131ya hem de kiraya verene belli \u015fartlar alt\u0131nda fesih hakk\u0131 tan\u0131nmaktad\u0131r. \u00d6te yandan kiralanan m\u00fclk\u00fcn hukuka ayk\u0131r\u0131 veya m\u00fcmk\u00fcn olmamas\u0131 gibi durumla da kar\u015f\u0131la\u015fmak m\u00fcmk\u00fcn olmaktad\u0131r. Kira s\u00f6zle\u015fmesinin sorunsuz bir \u015fekilde haz\u0131rlanabilmesi i\u00e7in ta\u015f\u0131nmaz\u0131n hukuken kiraya verilmesinin m\u00fcmk\u00fcn olmas\u0131 gerekmektedir. E\u011fer kullan\u0131m izni olmayan bir yap\u0131 konut olarak kiraya verilirse s\u00f6zle\u015fme ge\u00e7ersiz hale getirilebilmektedir.<\/p>\n\n\n\n<figure class=\"wp-block-image size-large\"><img loading=\"lazy\" decoding=\"async\" width=\"1024\" height=\"683\" src=\"https:\/\/mulktakibi.com\/blog\/wp-content\/uploads\/2025\/12\/kira-sozlesme2-1024x683.jpg\" alt=\"kira s\u00f6zle\u015fme\" class=\"wp-image-472\" srcset=\"https:\/\/mulktakibi.com\/blog\/wp-content\/uploads\/2025\/12\/kira-sozlesme2-1024x683.jpg 1024w, https:\/\/mulktakibi.com\/blog\/wp-content\/uploads\/2025\/12\/kira-sozlesme2-300x200.jpg 300w, https:\/\/mulktakibi.com\/blog\/wp-content\/uploads\/2025\/12\/kira-sozlesme2-768x512.jpg 768w, https:\/\/mulktakibi.com\/blog\/wp-content\/uploads\/2025\/12\/kira-sozlesme2.jpg 1536w\" sizes=\"auto, (max-width: 1024px) 100vw, 1024px\" \/><figcaption class=\"wp-element-caption\">kira s\u00f6zle\u015fme<\/figcaption><\/figure>\n\n\n\n<p>Ek olarak kiralanan\u0131n fiilen mevcut olmamas\u0131 ya da s\u00f6zle\u015fme an\u0131nda kullan\u0131lamaz durumda olmas\u0131 durumlar\u0131nda ge\u00e7ersizlik sonucu da do\u011frulabilmektedir. M\u00fclk sahipleri i\u00e7in kira gelirlerine ve s\u00f6zle\u015fme detaylar\u0131n\u0131 ayr\u0131nt\u0131l\u0131 \u015fekilde izleyebilecekleri platform bulunmaktad\u0131r. Bu platform \u00fczerinden tek panelden s\u00fcreci profesyonelce y\u00f6netebilmek m\u00fcmk\u00fcn olmaktad\u0131r. Ayr\u0131ca hukuki riskleri \u00f6nemli a\u00e7\u0131dan azaltma \u00f6zelli\u011fi de g\u00f6stermektedir. M\u00fclk takibi programlar\u0131, fark ettirmeden ciddi bir operasyonel kolayl\u0131k sa\u011flar.<\/p>\n\n\n\n<h3 class=\"wp-block-heading\">Kira S\u00f6zle\u015fmesinin Feshedildi\u011fi Ba\u015fl\u0131 Durumlar Nelerdir?<\/h3>\n\n\n\n<p>Kira s\u00f6zle\u015fmelerinde s\u00fcreli ve belirsiz s\u00fcreli olmak \u00fczere fesih fark\u0131 bulunmaktad\u0131r. S\u00fcreli kira s\u00f6zle\u015fmelerinde belli bir biti\u015f tarihi tahmin edilmektedir. Fakat bu tarih yaln\u0131zca kendi ba\u015f\u0131na s\u00f6zle\u015fmenin sona erdi\u011fini ifade etmez.<\/p>\n\n\n\n<p>Ev sahibinin fesih hakk\u0131 konusu ise ilgili kanunda s\u0131n\u0131rl\u0131 hallerle ele al\u0131nm\u0131\u015ft\u0131r. Peki, kira s\u00f6zle\u015fmesi hangi durumlarda feshedilir? Uygulamada s\u0131kl\u0131kla kar\u015f\u0131la\u015f\u0131lan fesih nedenleri \u015f\u00f6yledir:<\/p>\n\n\n\n<ul class=\"wp-block-list\">\n<li>Taraflardan birini s\u00f6zle\u015fmede kararla\u015ft\u0131r\u0131lm\u0131\u015f olan s\u00fcrelere uymak istememesi,<\/li>\n\n\n\n<li>Kirac\u0131n\u0131n iflas etmesi ya da \u00f6deme g\u00fcc\u00fcn\u00fc kaybetmesi,<\/li>\n\n\n\n<li>Kiralanan m\u00fclk\u00fcn esasl\u0131 tadilat veya yeniden in\u015fa gerektirmesi,<\/li>\n\n\n\n<li>Ev sahibinin ya da yak\u0131nlar\u0131n\u0131n zorunlu konut veya i\u015fyeri ihtiyac\u0131n\u0131n ortaya \u00e7\u0131km\u0131\u015f olmas\u0131,<\/li>\n\n\n\n<li>Kira bedelinin vaktinde ve eksiksiz \u00f6denmemesi,<\/li>\n\n\n\n<li>Kiralanan m\u00fclk\u00fcn s\u00f6zle\u015fmeye ayk\u0131r\u0131 olacak \u015fekilde kullan\u0131lmas\u0131 ya da tahrip edilmesi.<\/li>\n<\/ul>\n\n\n\n<h3 class=\"wp-block-heading\">S\u00f6zle\u015fmenin Sa\u011flam \u015eekilde Haz\u0131rlanmas\u0131n\u0131n \u00d6nemi<\/h3>\n\n\n\n<p><strong>Kira s\u00f6zle\u015fmesinin ge\u00e7ersiz say\u0131ld\u0131\u011f\u0131<\/strong> durumlarla kar\u015f\u0131la\u015fmamak ad\u0131na kira s\u00f6zle\u015fmesinin sa\u011flam \u015fekilde haz\u0131rlanmas\u0131 gerekir. Konuyla ilgili ya\u015fanan sorunlar\u0131n bir\u00e7o\u011fu s\u00f6zle\u015fmenin kurulma a\u015famas\u0131ndaki eksiklikler ve s\u00fcre\u00e7le alakal\u0131 yeterli takiplerin yap\u0131lmamas\u0131ndan kaynaklanmaktad\u0131r. Bu durumda ge\u00e7ersizlik ve fesih nedenlerini bilmenin \u00f6nemi hem kirac\u0131lar hem de ev sahipleri i\u00e7in m\u00fchimdir. Yaln\u0131zca bu nedenleri bilmek yetmemektedir. Ayr\u0131ca kira ili\u015fkilerinin d\u00fczenli, \u015feffaf ve belgelendirilerek y\u00f6netilmesi gerekmektedir.<\/p>\n\n\n\n<p>S\u00fcre\u00e7 i\u00e7erisinde herhangi bir sorun ya\u015famadan dijital \u00e7\u00f6z\u00fcmlerle ilerleme kaydetmek m\u00fcmk\u00fcnd\u00fcr. Hukuki sorunlar\u0131n \u00f6n\u00fcne ge\u00e7ebilmek ad\u0131na ilgili a\u015famalar\u0131 net bir \u015fekilde izlemekte yarar bulunmaktad\u0131r. Kira \u00f6demelerinin, bildirim tarihlerinin ve s\u00f6zle\u015fme s\u00fcrelerinin kontrol alt\u0131nda tutulmas\u0131 iki taraf\u0131n da haklar\u0131n\u0131 korumas\u0131n\u0131 sa\u011flamaktad\u0131r.<\/p>\n\n\n\n<p><a href=\"https:\/\/mulktakibi.com\/blog\/tapu-kaydinin-gecersiz-sayilmasi-konusunda-sebep-olacak-islemler-ve-hukuki-nedenler-nelerdir\/\">Tapu Kayd\u0131n\u0131n Ge\u00e7ersiz Say\u0131lmas\u0131 Konusunda Sebep Olacak \u0130\u015flemler ve Hukuki Nedenler Nelerdir?<\/a><\/p>\n\n\n","protected":false},"excerpt":{"rendered":"<p>Kira s\u00f6zle\u015fmesinin ge\u00e7ersiz say\u0131ld\u0131\u011f\u0131 durumlar ve sonradan ortaya \u00e7\u0131kan sebeplerden kaynakl\u0131 taraflarca feshedildi\u011fi durumlar bulunmaktad\u0131r. Ev sahiplerinin ve kirac\u0131lar\u0131n hukuki g\u00fcvence duyabilmesi ad\u0131na kira s\u00f6zle\u015fmelerinin haz\u0131rlanmas\u0131 \u015fartt\u0131r. Fakat baz\u0131 durumlarda kira s\u00f6zle\u015fmesi ge\u00e7erlili\u011fini ta\u015f\u0131yamayabilir. Bu gibi durumlarda ya\u015fanan uyu\u015fmazl\u0131klar, s\u00f6zle\u015fmenin ge\u00e7ersiz say\u0131l\u0131p say\u0131lmayaca\u011f\u0131 veya hangi durumlarda feshedilebilece\u011fi hakk\u0131nda bilgi sahibi olmak \u00f6nemlidir. Her s\u00f6zle\u015fme s\u00fcresinin [&#8230;]\n","protected":false},"author":2,"featured_media":471,"comment_status":"open","ping_status":"open","sticky":false,"template":"","format":"standard","meta":{"footnotes":""},"categories":[1],"tags":[],"class_list":["post-470","post","type-post","status-publish","format-standard","has-post-thumbnail","hentry","category-genel"],"yoast_head":"<!-- This site is optimized with the Yoast SEO plugin v20.5 - https:\/\/yoast.com\/wordpress\/plugins\/seo\/ -->\n<title>Kira S\u00f6zle\u015fmesinin Ge\u00e7ersiz Say\u0131ld\u0131\u011f\u0131 ve Taraflarca Feshedildi\u011fi Ba\u015fl\u0131ca Durumlar<\/title>\n<meta name=\"description\" content=\"Kira s\u00f6zle\u015fmesinin ge\u00e7ersiz say\u0131ld\u0131\u011f\u0131 durumlar, hukuki nedenler, fesih halleri ve taraflar\u0131n haklar\u0131 bu yaz\u0131da detayl\u0131ca ele al\u0131n\u0131yor.\" \/>\n<meta name=\"robots\" content=\"index, follow, max-snippet:-1, max-image-preview:large, max-video-preview:-1\" \/>\n<link rel=\"canonical\" href=\"https:\/\/mulktakibi.com\/blog\/kira-sozlesmesinin-gecersiz-sayildigi-ve-taraflarca-feshedildigi-baslica-durumlar\/\" \/>\n<meta property=\"og:locale\" content=\"tr_TR\" \/>\n<meta property=\"og:type\" content=\"article\" \/>\n<meta property=\"og:title\" content=\"Kira S\u00f6zle\u015fmesinin Ge\u00e7ersiz Say\u0131ld\u0131\u011f\u0131 ve Taraflarca Feshedildi\u011fi Ba\u015fl\u0131ca Durumlar\" \/>\n<meta property=\"og:description\" content=\"Kira s\u00f6zle\u015fmesinin ge\u00e7ersiz say\u0131ld\u0131\u011f\u0131 durumlar, hukuki nedenler, fesih halleri ve taraflar\u0131n haklar\u0131 bu yaz\u0131da detayl\u0131ca ele al\u0131n\u0131yor.\" \/>\n<meta property=\"og:url\" content=\"https:\/\/mulktakibi.com\/blog\/kira-sozlesmesinin-gecersiz-sayildigi-ve-taraflarca-feshedildigi-baslica-durumlar\/\" \/>\n<meta property=\"og:site_name\" content=\"M\u00fclk Takibi\" \/>\n<meta property=\"article:publisher\" content=\"https:\/\/www.facebook.com\/mulktakibi\" \/>\n<meta property=\"article:published_time\" content=\"2025-12-17T09:00:00+00:00\" \/>\n<meta property=\"article:modified_time\" content=\"2025-12-16T19:28:16+00:00\" \/>\n<meta property=\"og:image\" content=\"https:\/\/mulktakibi.com\/blog\/wp-content\/uploads\/2025\/12\/kira-sozlesme.jpg\" \/>\n\t<meta property=\"og:image:width\" content=\"1536\" \/>\n\t<meta property=\"og:image:height\" content=\"1024\" \/>\n\t<meta property=\"og:image:type\" content=\"image\/jpeg\" \/>\n<meta name=\"author\" content=\"\u015eule Akyol\" \/>\n<meta name=\"twitter:card\" content=\"summary_large_image\" \/>\n<meta name=\"twitter:creator\" content=\"@mulktakibi\" \/>\n<meta name=\"twitter:site\" content=\"@mulktakibi\" \/>\n<meta name=\"twitter:label1\" content=\"Yazan:\" \/>\n\t<meta name=\"twitter:data1\" content=\"\u015eule Akyol\" \/>\n\t<meta name=\"twitter:label2\" content=\"Tahmini okuma s\u00fcresi\" \/>\n\t<meta name=\"twitter:data2\" content=\"4 dakika\" \/>\n<script type=\"application\/ld+json\" class=\"yoast-schema-graph\">{\"@context\":\"https:\/\/schema.org\",\"@graph\":[{\"@type\":\"Article\",\"@id\":\"https:\/\/mulktakibi.com\/blog\/kira-sozlesmesinin-gecersiz-sayildigi-ve-taraflarca-feshedildigi-baslica-durumlar\/#article\",\"isPartOf\":{\"@id\":\"https:\/\/mulktakibi.com\/blog\/kira-sozlesmesinin-gecersiz-sayildigi-ve-taraflarca-feshedildigi-baslica-durumlar\/\"},\"author\":{\"name\":\"\u015eule Akyol\",\"@id\":\"https:\/\/mulktakibi.com\/blog\/#\/schema\/person\/fe857fef554e553559eb568296f6dd43\"},\"headline\":\"Kira S\u00f6zle\u015fmesinin Ge\u00e7ersiz Say\u0131ld\u0131\u011f\u0131 ve Taraflarca Feshedildi\u011fi Ba\u015fl\u0131ca Durumlar\",\"datePublished\":\"2025-12-17T09:00:00+00:00\",\"dateModified\":\"2025-12-16T19:28:16+00:00\",\"mainEntityOfPage\":{\"@id\":\"https:\/\/mulktakibi.com\/blog\/kira-sozlesmesinin-gecersiz-sayildigi-ve-taraflarca-feshedildigi-baslica-durumlar\/\"},\"wordCount\":785,\"commentCount\":0,\"publisher\":{\"@id\":\"https:\/\/mulktakibi.com\/blog\/#organization\"},\"inLanguage\":\"tr\",\"potentialAction\":[{\"@type\":\"CommentAction\",\"name\":\"Comment\",\"target\":[\"https:\/\/mulktakibi.com\/blog\/kira-sozlesmesinin-gecersiz-sayildigi-ve-taraflarca-feshedildigi-baslica-durumlar\/#respond\"]}]},{\"@type\":\"WebPage\",\"@id\":\"https:\/\/mulktakibi.com\/blog\/kira-sozlesmesinin-gecersiz-sayildigi-ve-taraflarca-feshedildigi-baslica-durumlar\/\",\"url\":\"https:\/\/mulktakibi.com\/blog\/kira-sozlesmesinin-gecersiz-sayildigi-ve-taraflarca-feshedildigi-baslica-durumlar\/\",\"name\":\"Kira S\u00f6zle\u015fmesinin Ge\u00e7ersiz Say\u0131ld\u0131\u011f\u0131 ve Taraflarca Feshedildi\u011fi Ba\u015fl\u0131ca Durumlar\",\"isPartOf\":{\"@id\":\"https:\/\/mulktakibi.com\/blog\/#website\"},\"datePublished\":\"2025-12-17T09:00:00+00:00\",\"dateModified\":\"2025-12-16T19:28:16+00:00\",\"description\":\"Kira s\u00f6zle\u015fmesinin ge\u00e7ersiz say\u0131ld\u0131\u011f\u0131 durumlar, hukuki nedenler, fesih halleri ve taraflar\u0131n haklar\u0131 bu yaz\u0131da detayl\u0131ca ele al\u0131n\u0131yor.\",\"breadcrumb\":{\"@id\":\"https:\/\/mulktakibi.com\/blog\/kira-sozlesmesinin-gecersiz-sayildigi-ve-taraflarca-feshedildigi-baslica-durumlar\/#breadcrumb\"},\"inLanguage\":\"tr\",\"potentialAction\":[{\"@type\":\"ReadAction\",\"target\":[\"https:\/\/mulktakibi.com\/blog\/kira-sozlesmesinin-gecersiz-sayildigi-ve-taraflarca-feshedildigi-baslica-durumlar\/\"]}]},{\"@type\":\"BreadcrumbList\",\"@id\":\"https:\/\/mulktakibi.com\/blog\/kira-sozlesmesinin-gecersiz-sayildigi-ve-taraflarca-feshedildigi-baslica-durumlar\/#breadcrumb\",\"itemListElement\":[{\"@type\":\"ListItem\",\"position\":1,\"name\":\"Anasayfa\",\"item\":\"https:\/\/mulktakibi.com\/blog\/\"},{\"@type\":\"ListItem\",\"position\":2,\"name\":\"Kira S\u00f6zle\u015fmesinin Ge\u00e7ersiz Say\u0131ld\u0131\u011f\u0131 ve Taraflarca Feshedildi\u011fi Ba\u015fl\u0131ca Durumlar\"}]},{\"@type\":\"WebSite\",\"@id\":\"https:\/\/mulktakibi.com\/blog\/#website\",\"url\":\"https:\/\/mulktakibi.com\/blog\/\",\"name\":\"M\u00fclk Takibi\",\"description\":\"| Online Kira Takip Program\u0131 | Kira Takibi\",\"publisher\":{\"@id\":\"https:\/\/mulktakibi.com\/blog\/#organization\"},\"potentialAction\":[{\"@type\":\"SearchAction\",\"target\":{\"@type\":\"EntryPoint\",\"urlTemplate\":\"https:\/\/mulktakibi.com\/blog\/?s={search_term_string}\"},\"query-input\":\"required name=search_term_string\"}],\"inLanguage\":\"tr\"},{\"@type\":\"Organization\",\"@id\":\"https:\/\/mulktakibi.com\/blog\/#organization\",\"name\":\"M\u00fclk Takibi\",\"url\":\"https:\/\/mulktakibi.com\/blog\/\",\"logo\":{\"@type\":\"ImageObject\",\"inLanguage\":\"tr\",\"@id\":\"https:\/\/mulktakibi.com\/blog\/#\/schema\/logo\/image\/\",\"url\":\"https:\/\/mulktakibi.com\/blog\/wp-content\/uploads\/2022\/12\/logo.png\",\"contentUrl\":\"https:\/\/mulktakibi.com\/blog\/wp-content\/uploads\/2022\/12\/logo.png\",\"width\":300,\"height\":66,\"caption\":\"M\u00fclk Takibi\"},\"image\":{\"@id\":\"https:\/\/mulktakibi.com\/blog\/#\/schema\/logo\/image\/\"},\"sameAs\":[\"https:\/\/www.facebook.com\/mulktakibi\",\"https:\/\/twitter.com\/mulktakibi\",\"https:\/\/www.youtube.com\/channel\/UCZ0qRtwOZ01aeo-vswXKjqQ\",\"https:\/\/www.linkedin.com\/company\/mlk-takibi\/\",\"https:\/\/www.instagram.com\/mulktakibi\/\"]},{\"@type\":\"Person\",\"@id\":\"https:\/\/mulktakibi.com\/blog\/#\/schema\/person\/fe857fef554e553559eb568296f6dd43\",\"name\":\"\u015eule Akyol\",\"image\":{\"@type\":\"ImageObject\",\"inLanguage\":\"tr\",\"@id\":\"https:\/\/mulktakibi.com\/blog\/#\/schema\/person\/image\/\",\"url\":\"https:\/\/secure.gravatar.com\/avatar\/42cd57afda1d2ff6e51d534d996e862ffbf27dc3d8391abac3f6a9a9186b037a?s=96&d=mm&r=g\",\"contentUrl\":\"https:\/\/secure.gravatar.com\/avatar\/42cd57afda1d2ff6e51d534d996e862ffbf27dc3d8391abac3f6a9a9186b037a?s=96&d=mm&r=g\",\"caption\":\"\u015eule Akyol\"},\"sameAs\":[\"https:\/\/mulktakibi.com\"],\"url\":\"https:\/\/mulktakibi.com\/blog\/author\/suleakyol\/\"}]}<\/script>\n<!-- \/ Yoast SEO plugin. -->","yoast_head_json":{"title":"Kira S\u00f6zle\u015fmesinin Ge\u00e7ersiz Say\u0131ld\u0131\u011f\u0131 ve Taraflarca Feshedildi\u011fi Ba\u015fl\u0131ca Durumlar","description":"Kira s\u00f6zle\u015fmesinin ge\u00e7ersiz say\u0131ld\u0131\u011f\u0131 durumlar, hukuki nedenler, fesih halleri ve taraflar\u0131n haklar\u0131 bu yaz\u0131da detayl\u0131ca ele al\u0131n\u0131yor.","robots":{"index":"index","follow":"follow","max-snippet":"max-snippet:-1","max-image-preview":"max-image-preview:large","max-video-preview":"max-video-preview:-1"},"canonical":"https:\/\/mulktakibi.com\/blog\/kira-sozlesmesinin-gecersiz-sayildigi-ve-taraflarca-feshedildigi-baslica-durumlar\/","og_locale":"tr_TR","og_type":"article","og_title":"Kira S\u00f6zle\u015fmesinin Ge\u00e7ersiz Say\u0131ld\u0131\u011f\u0131 ve Taraflarca Feshedildi\u011fi Ba\u015fl\u0131ca Durumlar","og_description":"Kira s\u00f6zle\u015fmesinin ge\u00e7ersiz say\u0131ld\u0131\u011f\u0131 durumlar, hukuki nedenler, fesih halleri ve taraflar\u0131n haklar\u0131 bu yaz\u0131da detayl\u0131ca ele al\u0131n\u0131yor.","og_url":"https:\/\/mulktakibi.com\/blog\/kira-sozlesmesinin-gecersiz-sayildigi-ve-taraflarca-feshedildigi-baslica-durumlar\/","og_site_name":"M\u00fclk Takibi","article_publisher":"https:\/\/www.facebook.com\/mulktakibi","article_published_time":"2025-12-17T09:00:00+00:00","article_modified_time":"2025-12-16T19:28:16+00:00","og_image":[{"width":1536,"height":1024,"url":"https:\/\/mulktakibi.com\/blog\/wp-content\/uploads\/2025\/12\/kira-sozlesme.jpg","type":"image\/jpeg"}],"author":"\u015eule Akyol","twitter_card":"summary_large_image","twitter_creator":"@mulktakibi","twitter_site":"@mulktakibi","twitter_misc":{"Yazan:":"\u015eule Akyol","Tahmini okuma s\u00fcresi":"4 dakika"},"schema":{"@context":"https:\/\/schema.org","@graph":[{"@type":"Article","@id":"https:\/\/mulktakibi.com\/blog\/kira-sozlesmesinin-gecersiz-sayildigi-ve-taraflarca-feshedildigi-baslica-durumlar\/#article","isPartOf":{"@id":"https:\/\/mulktakibi.com\/blog\/kira-sozlesmesinin-gecersiz-sayildigi-ve-taraflarca-feshedildigi-baslica-durumlar\/"},"author":{"name":"\u015eule Akyol","@id":"https:\/\/mulktakibi.com\/blog\/#\/schema\/person\/fe857fef554e553559eb568296f6dd43"},"headline":"Kira S\u00f6zle\u015fmesinin Ge\u00e7ersiz Say\u0131ld\u0131\u011f\u0131 ve Taraflarca Feshedildi\u011fi Ba\u015fl\u0131ca Durumlar","datePublished":"2025-12-17T09:00:00+00:00","dateModified":"2025-12-16T19:28:16+00:00","mainEntityOfPage":{"@id":"https:\/\/mulktakibi.com\/blog\/kira-sozlesmesinin-gecersiz-sayildigi-ve-taraflarca-feshedildigi-baslica-durumlar\/"},"wordCount":785,"commentCount":0,"publisher":{"@id":"https:\/\/mulktakibi.com\/blog\/#organization"},"inLanguage":"tr","potentialAction":[{"@type":"CommentAction","name":"Comment","target":["https:\/\/mulktakibi.com\/blog\/kira-sozlesmesinin-gecersiz-sayildigi-ve-taraflarca-feshedildigi-baslica-durumlar\/#respond"]}]},{"@type":"WebPage","@id":"https:\/\/mulktakibi.com\/blog\/kira-sozlesmesinin-gecersiz-sayildigi-ve-taraflarca-feshedildigi-baslica-durumlar\/","url":"https:\/\/mulktakibi.com\/blog\/kira-sozlesmesinin-gecersiz-sayildigi-ve-taraflarca-feshedildigi-baslica-durumlar\/","name":"Kira S\u00f6zle\u015fmesinin Ge\u00e7ersiz Say\u0131ld\u0131\u011f\u0131 ve Taraflarca Feshedildi\u011fi Ba\u015fl\u0131ca Durumlar","isPartOf":{"@id":"https:\/\/mulktakibi.com\/blog\/#website"},"datePublished":"2025-12-17T09:00:00+00:00","dateModified":"2025-12-16T19:28:16+00:00","description":"Kira s\u00f6zle\u015fmesinin ge\u00e7ersiz say\u0131ld\u0131\u011f\u0131 durumlar, hukuki nedenler, fesih halleri ve taraflar\u0131n haklar\u0131 bu yaz\u0131da detayl\u0131ca ele al\u0131n\u0131yor.","breadcrumb":{"@id":"https:\/\/mulktakibi.com\/blog\/kira-sozlesmesinin-gecersiz-sayildigi-ve-taraflarca-feshedildigi-baslica-durumlar\/#breadcrumb"},"inLanguage":"tr","potentialAction":[{"@type":"ReadAction","target":["https:\/\/mulktakibi.com\/blog\/kira-sozlesmesinin-gecersiz-sayildigi-ve-taraflarca-feshedildigi-baslica-durumlar\/"]}]},{"@type":"BreadcrumbList","@id":"https:\/\/mulktakibi.com\/blog\/kira-sozlesmesinin-gecersiz-sayildigi-ve-taraflarca-feshedildigi-baslica-durumlar\/#breadcrumb","itemListElement":[{"@type":"ListItem","position":1,"name":"Anasayfa","item":"https:\/\/mulktakibi.com\/blog\/"},{"@type":"ListItem","position":2,"name":"Kira S\u00f6zle\u015fmesinin Ge\u00e7ersiz Say\u0131ld\u0131\u011f\u0131 ve Taraflarca Feshedildi\u011fi Ba\u015fl\u0131ca Durumlar"}]},{"@type":"WebSite","@id":"https:\/\/mulktakibi.com\/blog\/#website","url":"https:\/\/mulktakibi.com\/blog\/","name":"M\u00fclk Takibi","description":"| Online Kira Takip Program\u0131 | Kira Takibi","publisher":{"@id":"https:\/\/mulktakibi.com\/blog\/#organization"},"potentialAction":[{"@type":"SearchAction","target":{"@type":"EntryPoint","urlTemplate":"https:\/\/mulktakibi.com\/blog\/?s={search_term_string}"},"query-input":"required name=search_term_string"}],"inLanguage":"tr"},{"@type":"Organization","@id":"https:\/\/mulktakibi.com\/blog\/#organization","name":"M\u00fclk Takibi","url":"https:\/\/mulktakibi.com\/blog\/","logo":{"@type":"ImageObject","inLanguage":"tr","@id":"https:\/\/mulktakibi.com\/blog\/#\/schema\/logo\/image\/","url":"https:\/\/mulktakibi.com\/blog\/wp-content\/uploads\/2022\/12\/logo.png","contentUrl":"https:\/\/mulktakibi.com\/blog\/wp-content\/uploads\/2022\/12\/logo.png","width":300,"height":66,"caption":"M\u00fclk Takibi"},"image":{"@id":"https:\/\/mulktakibi.com\/blog\/#\/schema\/logo\/image\/"},"sameAs":["https:\/\/www.facebook.com\/mulktakibi","https:\/\/twitter.com\/mulktakibi","https:\/\/www.youtube.com\/channel\/UCZ0qRtwOZ01aeo-vswXKjqQ","https:\/\/www.linkedin.com\/company\/mlk-takibi\/","https:\/\/www.instagram.com\/mulktakibi\/"]},{"@type":"Person","@id":"https:\/\/mulktakibi.com\/blog\/#\/schema\/person\/fe857fef554e553559eb568296f6dd43","name":"\u015eule Akyol","image":{"@type":"ImageObject","inLanguage":"tr","@id":"https:\/\/mulktakibi.com\/blog\/#\/schema\/person\/image\/","url":"https:\/\/secure.gravatar.com\/avatar\/42cd57afda1d2ff6e51d534d996e862ffbf27dc3d8391abac3f6a9a9186b037a?s=96&d=mm&r=g","contentUrl":"https:\/\/secure.gravatar.com\/avatar\/42cd57afda1d2ff6e51d534d996e862ffbf27dc3d8391abac3f6a9a9186b037a?s=96&d=mm&r=g","caption":"\u015eule Akyol"},"sameAs":["https:\/\/mulktakibi.com"],"url":"https:\/\/mulktakibi.com\/blog\/author\/suleakyol\/"}]}},"_links":{"self":[{"href":"https:\/\/mulktakibi.com\/blog\/wp-json\/wp\/v2\/posts\/470","targetHints":{"allow":["GET"]}}],"collection":[{"href":"https:\/\/mulktakibi.com\/blog\/wp-json\/wp\/v2\/posts"}],"about":[{"href":"https:\/\/mulktakibi.com\/blog\/wp-json\/wp\/v2\/types\/post"}],"author":[{"embeddable":true,"href":"https:\/\/mulktakibi.com\/blog\/wp-json\/wp\/v2\/users\/2"}],"replies":[{"embeddable":true,"href":"https:\/\/mulktakibi.com\/blog\/wp-json\/wp\/v2\/comments?post=470"}],"version-history":[{"count":1,"href":"https:\/\/mulktakibi.com\/blog\/wp-json\/wp\/v2\/posts\/470\/revisions"}],"predecessor-version":[{"id":473,"href":"https:\/\/mulktakibi.com\/blog\/wp-json\/wp\/v2\/posts\/470\/revisions\/473"}],"wp:featuredmedia":[{"embeddable":true,"href":"https:\/\/mulktakibi.com\/blog\/wp-json\/wp\/v2\/media\/471"}],"wp:attachment":[{"href":"https:\/\/mulktakibi.com\/blog\/wp-json\/wp\/v2\/media?parent=470"}],"wp:term":[{"taxonomy":"category","embeddable":true,"href":"https:\/\/mulktakibi.com\/blog\/wp-json\/wp\/v2\/categories?post=470"},{"taxonomy":"post_tag","embeddable":true,"href":"https:\/\/mulktakibi.com\/blog\/wp-json\/wp\/v2\/tags?post=470"}],"curies":[{"name":"wp","href":"https:\/\/api.w.org\/{rel}","templated":true}]}}