{"id":456,"date":"2025-12-09T12:00:00","date_gmt":"2025-12-09T09:00:00","guid":{"rendered":"https:\/\/mulktakibi.com\/blog\/?p=456"},"modified":"2025-12-09T16:25:16","modified_gmt":"2025-12-09T13:25:16","slug":"2026-kira-zammi-konut-ve-is-yeri-artis-oranlari-ne-kadar-olacak","status":"publish","type":"post","link":"https:\/\/mulktakibi.com\/blog\/2026-kira-zammi-konut-ve-is-yeri-artis-oranlari-ne-kadar-olacak\/","title":{"rendered":"2026 Kira Zamm\u0131, Konut ve \u0130\u015f Yeri Art\u0131\u015f Oranlar\u0131 Ne Kadar Olacak?"},"content":{"rendered":"\n<p><strong>2026 kira zamm\u0131<\/strong>, konut ve i\u015f yeri kira art\u0131\u015f oranlar\u0131n\u0131n nas\u0131l \u015fekillenebilece\u011fi ara\u015ft\u0131rmas\u0131 yap\u0131lan konular aras\u0131ndad\u0131r. Yeni y\u0131l\u0131n geli\u015fi ile birlikte hem kirac\u0131lar hem de ev sahipleri direkt olarak gelecek zamlar\u0131 da merak etmektedir. Ekonominin s\u00fcrekli olarak de\u011fi\u015fmesi, konut piyasas\u0131nda hareketlilik g\u00f6r\u00fclmesi ve enflasyon oranlar\u0131ndaki dalgalanmalar sebebiyle art\u0131\u015f oranlar\u0131 da de\u011fi\u015fiklik g\u00f6stermektedir.<\/p>\n\n\n\n<p>B\u00fcy\u00fck \u015fehirlerdeki maliyetin art\u0131\u015f g\u00f6stermesi ile kiralar\u0131n da belli bir seviyeye \u00e7\u0131kmas\u0131 beklenmektedir. Peki, <strong>2026 kira zamm\u0131<\/strong> ne kadar olacak? Kira takibini hangi y\u00f6ntemleri kullanarak kolayla\u015ft\u0131rmak m\u00fcmk\u00fcnd\u00fcr?<\/p>\n\n\n\n<h2 class=\"wp-block-heading\">2026 Kira Art\u0131\u015f Oranlar\u0131 Nas\u0131l Belirlenecek?<\/h2>\n\n\n\n<p>Ekonomik veriler baz al\u0131nd\u0131\u011f\u0131nda 2026 y\u0131l\u0131nda da enflasyonun \u00f6nceki y\u0131llara g\u00f6re daha dengeli \u015fekilde ilerleme kaydetmesi bekleniyor. Bu dengeli ilerleyi\u015f sonucu kira oranlar\u0131nda a\u015f\u0131r\u0131 y\u00fckseli\u015fler de s\u0131n\u0131rland\u0131r\u0131lmaktad\u0131r.<\/p>\n\n\n\n<p>T\u00fcrkiye&#8217;deki kira art\u0131\u015flar\u0131 mevzuat kapsam\u0131nda belirlenen ekonomik tutarlara g\u00f6re hesaplanmaktad\u0131r. 2025 ve bir \u00f6nceki y\u0131llardan itibaren uygulanan konutlardaki %25 art\u0131\u015f s\u0131n\u0131r\u0131 kald\u0131r\u0131lm\u0131\u015ft\u0131r. <strong>2026 kira zamm\u0131<\/strong>, hem konu hem de i\u015f yeri olmak \u00fczere T\u00fcketici Fiyat Endeksi (T\u00dcFE) 12 ayl\u0131k ortalamas\u0131 baz al\u0131narak hesaplanmas\u0131 bekleniyor.<\/p>\n\n\n\n<p>\u00d6n\u00fcm\u00fczdeki tablo ise bizlere yap\u0131lmas\u0131 beklenen art\u0131\u015flar\u0131n piyasa enflasyonuyla daha uyumlu \u015fekilde senkronize olmas\u0131n\u0131 tahmin ettiriyor. 2026 y\u0131l\u0131nda hangi konu hem de i\u015f yerleri i\u00e7in hesaplama y\u00f6ntemi \u015fu prensibi baz alarak hesaplanacak:<\/p>\n\n\n\n<figure class=\"wp-block-image size-large\"><img loading=\"lazy\" decoding=\"async\" width=\"1024\" height=\"683\" src=\"https:\/\/mulktakibi.com\/blog\/wp-content\/uploads\/2025\/12\/2026-Kira-Zammi-Konut-ve-Is-Yeri-Artis-Oranlari-Ne-Kadar-Olacak2-1-1024x683.jpg\" alt=\"\" class=\"wp-image-459\" srcset=\"https:\/\/mulktakibi.com\/blog\/wp-content\/uploads\/2025\/12\/2026-Kira-Zammi-Konut-ve-Is-Yeri-Artis-Oranlari-Ne-Kadar-Olacak2-1-1024x683.jpg 1024w, https:\/\/mulktakibi.com\/blog\/wp-content\/uploads\/2025\/12\/2026-Kira-Zammi-Konut-ve-Is-Yeri-Artis-Oranlari-Ne-Kadar-Olacak2-1-300x200.jpg 300w, https:\/\/mulktakibi.com\/blog\/wp-content\/uploads\/2025\/12\/2026-Kira-Zammi-Konut-ve-Is-Yeri-Artis-Oranlari-Ne-Kadar-Olacak2-1-768x512.jpg 768w, https:\/\/mulktakibi.com\/blog\/wp-content\/uploads\/2025\/12\/2026-Kira-Zammi-Konut-ve-Is-Yeri-Artis-Oranlari-Ne-Kadar-Olacak2-1.jpg 1536w\" sizes=\"auto, (max-width: 1024px) 100vw, 1024px\" \/><\/figure>\n\n\n\n<ul class=\"wp-block-list\">\n<li>Kira art\u0131\u015f\u0131, T\u00fcketici Fiyat Endeksi taraf\u0131ndan belirtilen verilerin son 12 ayl\u0131k ortalamas\u0131na g\u00f6re hesaplanacakt\u0131r.<\/li>\n\n\n\n<li>S\u00f6zle\u015fme i\u00e7erisinde farkl\u0131 bir oran belirtildi\u011fi ise, bu oran yaln\u0131zca kirac\u0131n\u0131n ki\u015fisel haklar\u0131n\u0131 koruyacak \u015fekilde belirlenmez.<\/li>\n\n\n\n<li>Mevzuattaki son d\u00fczenlemeler gere\u011fince s\u0131n\u0131rland\u0131rmak olmad\u0131\u011f\u0131 i\u00e7in yap\u0131lacak hesaplamalar tamamen T\u00fcketici Fiyat Endeksi ortalamas\u0131na g\u00f6re yap\u0131lacakt\u0131r.<\/li>\n\n\n\n<li>\u0130\u015f yerleri i\u00e7in s\u00f6zle\u015fme i\u00e7erisinde ortak mutabakat belirtildiyse, belirlenecek olan oran T\u00fcketici Fiyat Endeksi ortalamas\u0131n\u0131n \u00fcst\u00fcnde olabilir. Bu prensipler izlenerek kirac\u0131 ve ev sahibi ili\u015fkisi daha g\u00fcvenilir ve \u015feffaf bi\u00e7imde y\u00fcr\u00fct\u00fclebilir.<\/li>\n<\/ul>\n\n\n\n<h3 class=\"wp-block-heading\">Kira \u00d6demeleri ve Art\u0131\u015flar\u0131 Nas\u0131l Takip Edilir?<\/h3>\n\n\n\n<p><strong>2026 kira zamm\u0131<\/strong> belirlenmesi kadar ev sahibi ve kirac\u0131 aras\u0131ndaki ili\u015fkinin d\u00fczg\u00fcn zeminde ilerlemesi de \u00f6nemlidir. Son zamanlarda kirac\u0131 ve ev sahibi aras\u0131nda ya\u015fanan belirsizlikler sebebiyle sorunlar g\u00f6r\u00fclebilmektedir.<\/p>\n\n\n\n<p>2026 y\u0131l\u0131yla birlikte iki taraf aras\u0131ndaki ili\u015fkinin belli bir d\u00fczene oturulmas\u0131 m\u00fcmk\u00fcn olabilir. Bunu sa\u011flayabilmek ad\u0131na dijital takip sistemlerinin kullan\u0131lmas\u0131 ve ekonomik verilere g\u00f6re ayl\u0131k planlama yap\u0131lmas\u0131 gerekmektedir. Ayr\u0131ca yaz\u0131l\u0131 s\u00f6zle\u015fmelerin b\u00fct\u00fcn kapsam\u0131yla haz\u0131rlanmas\u0131 da gerekmektedir.<\/p>\n\n\n\n<p>Kirac\u0131lar\u0131n art\u0131\u015f oranlar\u0131n\u0131 b\u00fct\u00fcn kapsam\u0131 ile anlamasa da ili\u015fkilerin daha dengeli bir zemine oturmas\u0131n\u0131 sa\u011flayabilir. Ev sahiplerinin s\u00fcre\u00e7 i\u00e7erisinde piyasa ko\u015fullar\u0131na g\u00f6re makul art\u0131\u015f talebinde bulunmas\u0131 gerekir. Bu unsurlar ile hem art\u0131\u015f d\u00f6neminde hem de y\u0131l boyunca ev sahibi ve kirac\u0131 ili\u015fkilerinin daha sorunsuz ilerlemesi sa\u011flanabilir.<\/p>\n\n\n\n<p>2026 y\u0131l\u0131nda kirac\u0131lar ve ev sahipleri i\u00e7in ya\u015famas\u0131 muhtemel olan sorunlardan birisi de kira art\u0131\u015flar\u0131n\u0131n do\u011fru takip edilmemesi ve \u00f6demelerin d\u00fczenli kontrol alt\u0131nda tutulmamas\u0131d\u0131r. \u00d6zellikle bu konu birden fazla m\u00fclk\u00fc olan ev sahipleri i\u00e7in ge\u00e7erli olmaktad\u0131r.<\/p>\n\n\n\n<p>Ya\u015fanabilecek sorunlar\u0131n \u00f6n\u00fcne ge\u00e7ebilmek ad\u0131na M\u00fclk Takip Program\u0131, \u00f6deme hat\u0131rlatma, tahsilat takibi, art\u0131\u015f oran\u0131 hesaplama ve kira s\u00f6zle\u015fmesi d\u00fczenleme hizmeti sa\u011flamaktad\u0131r. Program dahilinde sunulan pratik \u00e7\u00f6z\u00fcmler, ev sahiplerine bu program\u0131 kullanmaya itmektedir.<\/p>\n\n\n\n<p>Kira takibini otomatize eden M\u00fclk Takip Program\u0131, hem kirac\u0131lara hem de ev sahiplerine b\u00fcy\u00fck kolayl\u0131k sa\u011flamaktad\u0131r. 2026 art\u0131\u015f d\u00f6neminde bile kira \u00f6deme hat\u0131rlatmalar\u0131, gelir-gider takibi ve raporlama \u00f6zelli\u011fi sayesinde kullan\u0131c\u0131lara daha planl\u0131 bir hesaplama sunmaktad\u0131r.<\/p>\n\n\n\n<p><a href=\"https:\/\/mulktakibi.com\/blog\/gayrimenkul-yonetimi-daha-guvenilir-hale-nasil-getirilir\/\">Gayrimenkul Y\u00f6netimi Daha G\u00fcvenilir Hale Nas\u0131l Getirilir?<\/a><\/p>\n\n\n","protected":false},"excerpt":{"rendered":"<p>2026 kira zamm\u0131, konut ve i\u015f yeri kira art\u0131\u015f oranlar\u0131n\u0131n nas\u0131l \u015fekillenebilece\u011fi ara\u015ft\u0131rmas\u0131 yap\u0131lan konular aras\u0131ndad\u0131r. Yeni y\u0131l\u0131n geli\u015fi ile birlikte hem kirac\u0131lar hem de ev sahipleri direkt olarak gelecek zamlar\u0131 da merak etmektedir. Ekonominin s\u00fcrekli olarak de\u011fi\u015fmesi, konut piyasas\u0131nda hareketlilik g\u00f6r\u00fclmesi ve enflasyon oranlar\u0131ndaki dalgalanmalar sebebiyle art\u0131\u015f oranlar\u0131 da de\u011fi\u015fiklik g\u00f6stermektedir. B\u00fcy\u00fck \u015fehirlerdeki maliyetin [&#8230;]\n","protected":false},"author":2,"featured_media":457,"comment_status":"open","ping_status":"open","sticky":false,"template":"","format":"standard","meta":{"footnotes":""},"categories":[1],"tags":[],"class_list":["post-456","post","type-post","status-publish","format-standard","has-post-thumbnail","hentry","category-genel"],"yoast_head":"<!-- This site is optimized with the Yoast SEO plugin v20.5 - https:\/\/yoast.com\/wordpress\/plugins\/seo\/ -->\n<title>2026 Kira Zamm\u0131, Konut ve \u0130\u015f Yeri Art\u0131\u015f Oranlar\u0131 Ne Kadar Olacak? - M\u00fclk Takibi<\/title>\n<meta name=\"description\" content=\"2026 kira zamm\u0131, tahminler ve g\u00fcncel ekonomik veriler \u0131\u015f\u0131\u011f\u0131nda kira zamlar\u0131n\u0131n nas\u0131l \u015fekillenece\u011fini anlatan rehber.\" \/>\n<meta name=\"robots\" content=\"index, follow, max-snippet:-1, max-image-preview:large, max-video-preview:-1\" \/>\n<link rel=\"canonical\" href=\"https:\/\/mulktakibi.com\/blog\/2026-kira-zammi-konut-ve-is-yeri-artis-oranlari-ne-kadar-olacak\/\" \/>\n<meta property=\"og:locale\" content=\"tr_TR\" \/>\n<meta property=\"og:type\" content=\"article\" \/>\n<meta property=\"og:title\" content=\"2026 Kira Zamm\u0131, Konut ve \u0130\u015f Yeri Art\u0131\u015f Oranlar\u0131 Ne Kadar Olacak? - M\u00fclk Takibi\" \/>\n<meta property=\"og:description\" content=\"2026 kira zamm\u0131, tahminler ve g\u00fcncel ekonomik veriler \u0131\u015f\u0131\u011f\u0131nda kira zamlar\u0131n\u0131n nas\u0131l \u015fekillenece\u011fini anlatan rehber.\" \/>\n<meta property=\"og:url\" content=\"https:\/\/mulktakibi.com\/blog\/2026-kira-zammi-konut-ve-is-yeri-artis-oranlari-ne-kadar-olacak\/\" \/>\n<meta property=\"og:site_name\" content=\"M\u00fclk Takibi\" \/>\n<meta property=\"article:publisher\" content=\"https:\/\/www.facebook.com\/mulktakibi\" \/>\n<meta property=\"article:published_time\" content=\"2025-12-09T09:00:00+00:00\" \/>\n<meta property=\"article:modified_time\" content=\"2025-12-09T13:25:16+00:00\" \/>\n<meta property=\"og:image\" content=\"https:\/\/mulktakibi.com\/blog\/wp-content\/uploads\/2025\/12\/2026-Kira-Zammi-Konut-ve-Is-Yeri-Artis-Oranlari-Ne-Kadar-Olacak.jpg\" \/>\n\t<meta property=\"og:image:width\" content=\"1536\" \/>\n\t<meta property=\"og:image:height\" content=\"1024\" \/>\n\t<meta property=\"og:image:type\" content=\"image\/jpeg\" \/>\n<meta name=\"author\" content=\"\u015eule Akyol\" \/>\n<meta name=\"twitter:card\" content=\"summary_large_image\" \/>\n<meta name=\"twitter:creator\" content=\"@mulktakibi\" \/>\n<meta name=\"twitter:site\" content=\"@mulktakibi\" \/>\n<meta name=\"twitter:label1\" content=\"Yazan:\" \/>\n\t<meta name=\"twitter:data1\" content=\"\u015eule Akyol\" \/>\n\t<meta name=\"twitter:label2\" content=\"Tahmini okuma s\u00fcresi\" \/>\n\t<meta name=\"twitter:data2\" content=\"4 dakika\" \/>\n<script type=\"application\/ld+json\" class=\"yoast-schema-graph\">{\"@context\":\"https:\/\/schema.org\",\"@graph\":[{\"@type\":\"Article\",\"@id\":\"https:\/\/mulktakibi.com\/blog\/2026-kira-zammi-konut-ve-is-yeri-artis-oranlari-ne-kadar-olacak\/#article\",\"isPartOf\":{\"@id\":\"https:\/\/mulktakibi.com\/blog\/2026-kira-zammi-konut-ve-is-yeri-artis-oranlari-ne-kadar-olacak\/\"},\"author\":{\"name\":\"\u015eule Akyol\",\"@id\":\"https:\/\/mulktakibi.com\/blog\/#\/schema\/person\/fe857fef554e553559eb568296f6dd43\"},\"headline\":\"2026 Kira Zamm\u0131, Konut ve \u0130\u015f Yeri Art\u0131\u015f Oranlar\u0131 Ne Kadar Olacak?\",\"datePublished\":\"2025-12-09T09:00:00+00:00\",\"dateModified\":\"2025-12-09T13:25:16+00:00\",\"mainEntityOfPage\":{\"@id\":\"https:\/\/mulktakibi.com\/blog\/2026-kira-zammi-konut-ve-is-yeri-artis-oranlari-ne-kadar-olacak\/\"},\"wordCount\":698,\"commentCount\":0,\"publisher\":{\"@id\":\"https:\/\/mulktakibi.com\/blog\/#organization\"},\"inLanguage\":\"tr\",\"potentialAction\":[{\"@type\":\"CommentAction\",\"name\":\"Comment\",\"target\":[\"https:\/\/mulktakibi.com\/blog\/2026-kira-zammi-konut-ve-is-yeri-artis-oranlari-ne-kadar-olacak\/#respond\"]}]},{\"@type\":\"WebPage\",\"@id\":\"https:\/\/mulktakibi.com\/blog\/2026-kira-zammi-konut-ve-is-yeri-artis-oranlari-ne-kadar-olacak\/\",\"url\":\"https:\/\/mulktakibi.com\/blog\/2026-kira-zammi-konut-ve-is-yeri-artis-oranlari-ne-kadar-olacak\/\",\"name\":\"2026 Kira Zamm\u0131, Konut ve \u0130\u015f Yeri Art\u0131\u015f Oranlar\u0131 Ne Kadar Olacak? - M\u00fclk Takibi\",\"isPartOf\":{\"@id\":\"https:\/\/mulktakibi.com\/blog\/#website\"},\"datePublished\":\"2025-12-09T09:00:00+00:00\",\"dateModified\":\"2025-12-09T13:25:16+00:00\",\"description\":\"2026 kira zamm\u0131, tahminler ve g\u00fcncel ekonomik veriler \u0131\u015f\u0131\u011f\u0131nda kira zamlar\u0131n\u0131n nas\u0131l \u015fekillenece\u011fini anlatan rehber.\",\"breadcrumb\":{\"@id\":\"https:\/\/mulktakibi.com\/blog\/2026-kira-zammi-konut-ve-is-yeri-artis-oranlari-ne-kadar-olacak\/#breadcrumb\"},\"inLanguage\":\"tr\",\"potentialAction\":[{\"@type\":\"ReadAction\",\"target\":[\"https:\/\/mulktakibi.com\/blog\/2026-kira-zammi-konut-ve-is-yeri-artis-oranlari-ne-kadar-olacak\/\"]}]},{\"@type\":\"BreadcrumbList\",\"@id\":\"https:\/\/mulktakibi.com\/blog\/2026-kira-zammi-konut-ve-is-yeri-artis-oranlari-ne-kadar-olacak\/#breadcrumb\",\"itemListElement\":[{\"@type\":\"ListItem\",\"position\":1,\"name\":\"Anasayfa\",\"item\":\"https:\/\/mulktakibi.com\/blog\/\"},{\"@type\":\"ListItem\",\"position\":2,\"name\":\"2026 Kira Zamm\u0131, Konut ve \u0130\u015f Yeri Art\u0131\u015f Oranlar\u0131 Ne Kadar Olacak?\"}]},{\"@type\":\"WebSite\",\"@id\":\"https:\/\/mulktakibi.com\/blog\/#website\",\"url\":\"https:\/\/mulktakibi.com\/blog\/\",\"name\":\"M\u00fclk Takibi\",\"description\":\"| Online Kira Takip Program\u0131 | Kira Takibi\",\"publisher\":{\"@id\":\"https:\/\/mulktakibi.com\/blog\/#organization\"},\"potentialAction\":[{\"@type\":\"SearchAction\",\"target\":{\"@type\":\"EntryPoint\",\"urlTemplate\":\"https:\/\/mulktakibi.com\/blog\/?s={search_term_string}\"},\"query-input\":\"required name=search_term_string\"}],\"inLanguage\":\"tr\"},{\"@type\":\"Organization\",\"@id\":\"https:\/\/mulktakibi.com\/blog\/#organization\",\"name\":\"M\u00fclk Takibi\",\"url\":\"https:\/\/mulktakibi.com\/blog\/\",\"logo\":{\"@type\":\"ImageObject\",\"inLanguage\":\"tr\",\"@id\":\"https:\/\/mulktakibi.com\/blog\/#\/schema\/logo\/image\/\",\"url\":\"https:\/\/mulktakibi.com\/blog\/wp-content\/uploads\/2022\/12\/logo.png\",\"contentUrl\":\"https:\/\/mulktakibi.com\/blog\/wp-content\/uploads\/2022\/12\/logo.png\",\"width\":300,\"height\":66,\"caption\":\"M\u00fclk Takibi\"},\"image\":{\"@id\":\"https:\/\/mulktakibi.com\/blog\/#\/schema\/logo\/image\/\"},\"sameAs\":[\"https:\/\/www.facebook.com\/mulktakibi\",\"https:\/\/twitter.com\/mulktakibi\",\"https:\/\/www.youtube.com\/channel\/UCZ0qRtwOZ01aeo-vswXKjqQ\",\"https:\/\/www.linkedin.com\/company\/mlk-takibi\/\",\"https:\/\/www.instagram.com\/mulktakibi\/\"]},{\"@type\":\"Person\",\"@id\":\"https:\/\/mulktakibi.com\/blog\/#\/schema\/person\/fe857fef554e553559eb568296f6dd43\",\"name\":\"\u015eule Akyol\",\"image\":{\"@type\":\"ImageObject\",\"inLanguage\":\"tr\",\"@id\":\"https:\/\/mulktakibi.com\/blog\/#\/schema\/person\/image\/\",\"url\":\"https:\/\/secure.gravatar.com\/avatar\/42cd57afda1d2ff6e51d534d996e862ffbf27dc3d8391abac3f6a9a9186b037a?s=96&d=mm&r=g\",\"contentUrl\":\"https:\/\/secure.gravatar.com\/avatar\/42cd57afda1d2ff6e51d534d996e862ffbf27dc3d8391abac3f6a9a9186b037a?s=96&d=mm&r=g\",\"caption\":\"\u015eule Akyol\"},\"sameAs\":[\"https:\/\/mulktakibi.com\"],\"url\":\"https:\/\/mulktakibi.com\/blog\/author\/suleakyol\/\"}]}<\/script>\n<!-- \/ Yoast SEO plugin. -->","yoast_head_json":{"title":"2026 Kira Zamm\u0131, Konut ve \u0130\u015f Yeri Art\u0131\u015f Oranlar\u0131 Ne Kadar Olacak? - M\u00fclk Takibi","description":"2026 kira zamm\u0131, tahminler ve g\u00fcncel ekonomik veriler \u0131\u015f\u0131\u011f\u0131nda kira zamlar\u0131n\u0131n nas\u0131l \u015fekillenece\u011fini anlatan rehber.","robots":{"index":"index","follow":"follow","max-snippet":"max-snippet:-1","max-image-preview":"max-image-preview:large","max-video-preview":"max-video-preview:-1"},"canonical":"https:\/\/mulktakibi.com\/blog\/2026-kira-zammi-konut-ve-is-yeri-artis-oranlari-ne-kadar-olacak\/","og_locale":"tr_TR","og_type":"article","og_title":"2026 Kira Zamm\u0131, Konut ve \u0130\u015f Yeri Art\u0131\u015f Oranlar\u0131 Ne Kadar Olacak? - M\u00fclk Takibi","og_description":"2026 kira zamm\u0131, tahminler ve g\u00fcncel ekonomik veriler \u0131\u015f\u0131\u011f\u0131nda kira zamlar\u0131n\u0131n nas\u0131l \u015fekillenece\u011fini anlatan rehber.","og_url":"https:\/\/mulktakibi.com\/blog\/2026-kira-zammi-konut-ve-is-yeri-artis-oranlari-ne-kadar-olacak\/","og_site_name":"M\u00fclk Takibi","article_publisher":"https:\/\/www.facebook.com\/mulktakibi","article_published_time":"2025-12-09T09:00:00+00:00","article_modified_time":"2025-12-09T13:25:16+00:00","og_image":[{"width":1536,"height":1024,"url":"https:\/\/mulktakibi.com\/blog\/wp-content\/uploads\/2025\/12\/2026-Kira-Zammi-Konut-ve-Is-Yeri-Artis-Oranlari-Ne-Kadar-Olacak.jpg","type":"image\/jpeg"}],"author":"\u015eule Akyol","twitter_card":"summary_large_image","twitter_creator":"@mulktakibi","twitter_site":"@mulktakibi","twitter_misc":{"Yazan:":"\u015eule Akyol","Tahmini okuma s\u00fcresi":"4 dakika"},"schema":{"@context":"https:\/\/schema.org","@graph":[{"@type":"Article","@id":"https:\/\/mulktakibi.com\/blog\/2026-kira-zammi-konut-ve-is-yeri-artis-oranlari-ne-kadar-olacak\/#article","isPartOf":{"@id":"https:\/\/mulktakibi.com\/blog\/2026-kira-zammi-konut-ve-is-yeri-artis-oranlari-ne-kadar-olacak\/"},"author":{"name":"\u015eule Akyol","@id":"https:\/\/mulktakibi.com\/blog\/#\/schema\/person\/fe857fef554e553559eb568296f6dd43"},"headline":"2026 Kira Zamm\u0131, Konut ve \u0130\u015f Yeri Art\u0131\u015f Oranlar\u0131 Ne Kadar Olacak?","datePublished":"2025-12-09T09:00:00+00:00","dateModified":"2025-12-09T13:25:16+00:00","mainEntityOfPage":{"@id":"https:\/\/mulktakibi.com\/blog\/2026-kira-zammi-konut-ve-is-yeri-artis-oranlari-ne-kadar-olacak\/"},"wordCount":698,"commentCount":0,"publisher":{"@id":"https:\/\/mulktakibi.com\/blog\/#organization"},"inLanguage":"tr","potentialAction":[{"@type":"CommentAction","name":"Comment","target":["https:\/\/mulktakibi.com\/blog\/2026-kira-zammi-konut-ve-is-yeri-artis-oranlari-ne-kadar-olacak\/#respond"]}]},{"@type":"WebPage","@id":"https:\/\/mulktakibi.com\/blog\/2026-kira-zammi-konut-ve-is-yeri-artis-oranlari-ne-kadar-olacak\/","url":"https:\/\/mulktakibi.com\/blog\/2026-kira-zammi-konut-ve-is-yeri-artis-oranlari-ne-kadar-olacak\/","name":"2026 Kira Zamm\u0131, Konut ve \u0130\u015f Yeri Art\u0131\u015f Oranlar\u0131 Ne Kadar Olacak? - M\u00fclk Takibi","isPartOf":{"@id":"https:\/\/mulktakibi.com\/blog\/#website"},"datePublished":"2025-12-09T09:00:00+00:00","dateModified":"2025-12-09T13:25:16+00:00","description":"2026 kira zamm\u0131, tahminler ve g\u00fcncel ekonomik veriler \u0131\u015f\u0131\u011f\u0131nda kira zamlar\u0131n\u0131n nas\u0131l \u015fekillenece\u011fini anlatan rehber.","breadcrumb":{"@id":"https:\/\/mulktakibi.com\/blog\/2026-kira-zammi-konut-ve-is-yeri-artis-oranlari-ne-kadar-olacak\/#breadcrumb"},"inLanguage":"tr","potentialAction":[{"@type":"ReadAction","target":["https:\/\/mulktakibi.com\/blog\/2026-kira-zammi-konut-ve-is-yeri-artis-oranlari-ne-kadar-olacak\/"]}]},{"@type":"BreadcrumbList","@id":"https:\/\/mulktakibi.com\/blog\/2026-kira-zammi-konut-ve-is-yeri-artis-oranlari-ne-kadar-olacak\/#breadcrumb","itemListElement":[{"@type":"ListItem","position":1,"name":"Anasayfa","item":"https:\/\/mulktakibi.com\/blog\/"},{"@type":"ListItem","position":2,"name":"2026 Kira Zamm\u0131, Konut ve \u0130\u015f Yeri Art\u0131\u015f Oranlar\u0131 Ne Kadar Olacak?"}]},{"@type":"WebSite","@id":"https:\/\/mulktakibi.com\/blog\/#website","url":"https:\/\/mulktakibi.com\/blog\/","name":"M\u00fclk Takibi","description":"| Online Kira Takip Program\u0131 | Kira Takibi","publisher":{"@id":"https:\/\/mulktakibi.com\/blog\/#organization"},"potentialAction":[{"@type":"SearchAction","target":{"@type":"EntryPoint","urlTemplate":"https:\/\/mulktakibi.com\/blog\/?s={search_term_string}"},"query-input":"required name=search_term_string"}],"inLanguage":"tr"},{"@type":"Organization","@id":"https:\/\/mulktakibi.com\/blog\/#organization","name":"M\u00fclk Takibi","url":"https:\/\/mulktakibi.com\/blog\/","logo":{"@type":"ImageObject","inLanguage":"tr","@id":"https:\/\/mulktakibi.com\/blog\/#\/schema\/logo\/image\/","url":"https:\/\/mulktakibi.com\/blog\/wp-content\/uploads\/2022\/12\/logo.png","contentUrl":"https:\/\/mulktakibi.com\/blog\/wp-content\/uploads\/2022\/12\/logo.png","width":300,"height":66,"caption":"M\u00fclk Takibi"},"image":{"@id":"https:\/\/mulktakibi.com\/blog\/#\/schema\/logo\/image\/"},"sameAs":["https:\/\/www.facebook.com\/mulktakibi","https:\/\/twitter.com\/mulktakibi","https:\/\/www.youtube.com\/channel\/UCZ0qRtwOZ01aeo-vswXKjqQ","https:\/\/www.linkedin.com\/company\/mlk-takibi\/","https:\/\/www.instagram.com\/mulktakibi\/"]},{"@type":"Person","@id":"https:\/\/mulktakibi.com\/blog\/#\/schema\/person\/fe857fef554e553559eb568296f6dd43","name":"\u015eule Akyol","image":{"@type":"ImageObject","inLanguage":"tr","@id":"https:\/\/mulktakibi.com\/blog\/#\/schema\/person\/image\/","url":"https:\/\/secure.gravatar.com\/avatar\/42cd57afda1d2ff6e51d534d996e862ffbf27dc3d8391abac3f6a9a9186b037a?s=96&d=mm&r=g","contentUrl":"https:\/\/secure.gravatar.com\/avatar\/42cd57afda1d2ff6e51d534d996e862ffbf27dc3d8391abac3f6a9a9186b037a?s=96&d=mm&r=g","caption":"\u015eule Akyol"},"sameAs":["https:\/\/mulktakibi.com"],"url":"https:\/\/mulktakibi.com\/blog\/author\/suleakyol\/"}]}},"_links":{"self":[{"href":"https:\/\/mulktakibi.com\/blog\/wp-json\/wp\/v2\/posts\/456","targetHints":{"allow":["GET"]}}],"collection":[{"href":"https:\/\/mulktakibi.com\/blog\/wp-json\/wp\/v2\/posts"}],"about":[{"href":"https:\/\/mulktakibi.com\/blog\/wp-json\/wp\/v2\/types\/post"}],"author":[{"embeddable":true,"href":"https:\/\/mulktakibi.com\/blog\/wp-json\/wp\/v2\/users\/2"}],"replies":[{"embeddable":true,"href":"https:\/\/mulktakibi.com\/blog\/wp-json\/wp\/v2\/comments?post=456"}],"version-history":[{"count":1,"href":"https:\/\/mulktakibi.com\/blog\/wp-json\/wp\/v2\/posts\/456\/revisions"}],"predecessor-version":[{"id":460,"href":"https:\/\/mulktakibi.com\/blog\/wp-json\/wp\/v2\/posts\/456\/revisions\/460"}],"wp:featuredmedia":[{"embeddable":true,"href":"https:\/\/mulktakibi.com\/blog\/wp-json\/wp\/v2\/media\/457"}],"wp:attachment":[{"href":"https:\/\/mulktakibi.com\/blog\/wp-json\/wp\/v2\/media?parent=456"}],"wp:term":[{"taxonomy":"category","embeddable":true,"href":"https:\/\/mulktakibi.com\/blog\/wp-json\/wp\/v2\/categories?post=456"},{"taxonomy":"post_tag","embeddable":true,"href":"https:\/\/mulktakibi.com\/blog\/wp-json\/wp\/v2\/tags?post=456"}],"curies":[{"name":"wp","href":"https:\/\/api.w.org\/{rel}","templated":true}]}}