{"id":211,"date":"2025-08-06T12:00:00","date_gmt":"2025-08-06T09:00:00","guid":{"rendered":"https:\/\/mulktakibi.com\/blog\/?p=211"},"modified":"2025-08-06T11:11:42","modified_gmt":"2025-08-06T08:11:42","slug":"ilce-ilce-degisen-istanbul-kiralik-konut-fiyatlari","status":"publish","type":"post","link":"https:\/\/mulktakibi.com\/blog\/ilce-ilce-degisen-istanbul-kiralik-konut-fiyatlari\/","title":{"rendered":"\u0130l\u00e7e \u0130l\u00e7e De\u011fi\u015fen \u0130stanbul Kiral\u0131k Konut Fiyatlar\u0131"},"content":{"rendered":"\n<p><strong>\u0130stanbul kiral\u0131k konut<\/strong> piyasas\u0131, 2025 y\u0131l\u0131 kapsam\u0131nda belli fakt\u00f6rler \u00e7er\u00e7evesinde \u015fekillenmeye devam etmektedir. \u0130l\u00e7e il\u00e7e kimi b\u00f6lgelerdeki kira fiyatlar\u0131 son derece abart\u0131l\u0131 fiyatlara ula\u015f\u0131rken, baz\u0131 il\u00e7elerde ise daha uygun alternatifler sunulmaktad\u0131r. Yap\u0131lan ula\u015f\u0131m projelerine ek olarak ya\u015fam tercihlerindeki de\u011fi\u015fiklikler, g\u00f6\u00e7 hareketlili\u011fi ve enflasyonun art\u0131\u015f g\u00f6stermesi sebebiyle baz\u0131 il\u00e7elerde talep art\u0131\u015f\u0131 g\u00f6r\u00fclmektedir.<\/p>\n\n\n\n<p><strong>\u0130stanbul kiral\u0131k konut<\/strong> ihtiyac\u0131n\u0131n da \u015fekillenmesi bundan dolay\u0131 ger\u00e7ekle\u015fmektedir. Hem yat\u0131r\u0131mc\u0131lar hem de kirac\u0131lar\u0131 i\u00e7in \u0130stanbul&#8217;daki kiral\u0131k konut eylemlerini takip etmek neredeyse bir zorunluluk haline gelmi\u015ftir. Fiyat de\u011fi\u015fimleri ve demografik d\u00f6n\u00fc\u015f\u00fcmler de baz al\u0131narak, il\u00e7e il\u00e7e de\u011fi\u015fen ilk 5 liste \u015fu \u015fekildedir:<\/p>\n\n\n\n<h2 class=\"wp-block-heading\">1- Be\u015fikta\u015f<\/h2>\n\n\n\n<p>Akatlar, Etiler ve Levent gibi semtlerde kira fiyatlar\u0131nda son derece bir art\u0131\u015f g\u00f6r\u00fclmektedir. Arnavutk\u00f6y, Sinanpa\u015fa ve Ortak\u00f6y gibi b\u00f6lgelerde ise eski binalar\u0131n fazla olmas\u0131 sebebiyle daha ula\u015f\u0131l\u0131r hale gelmi\u015ftir. Genel olarak yorumland\u0131\u011f\u0131nda Be\u015fikta\u015f&#8217;ta bo\u015f daire bulmak zor ancak imkans\u0131z de\u011fildir. Be\u015fikta\u015f, konum a\u00e7\u0131s\u0131ndan Avrupa yakas\u0131nda merkezi bir konuma sahiptir.<\/p>\n\n\n\n<p>E\u011fitim kurumlar\u0131n\u0131n fazla olmas\u0131, ula\u015f\u0131m a\u00e7\u0131s\u0131ndan imkanlar sa\u011flamas\u0131 ve <strong>\u0130stanbul kiral\u0131k konut<\/strong> piyasas\u0131nda talebin art\u0131\u015f g\u00f6sterdi\u011fi bir b\u00f6lgedir. \u00dcniversite \u00f6\u011frencilerinin b\u00f6lgelere geri d\u00f6nmesi ve k\u0131sa d\u00f6nem kira d\u00fczenlemeleri yap\u0131lmas\u0131 sebebiyle uzun d\u00f6nemli kira talepleri de art\u0131\u015f g\u00f6stermektedir. Buralarda ortalama olarak kira bedelleri 40.000 TL ile 70.000 TL aral\u0131\u011f\u0131ndad\u0131r.<\/p>\n\n\n\n<h2 class=\"wp-block-heading\">2- \u00dcmraniye<\/h2>\n\n\n\n<p>Senelerdir konut yat\u0131r\u0131m\u0131 dendi\u011finde \u00f6n plana \u00e7\u0131kan \u00dcmraniye, son zamanlarda yap\u0131lan yeniliklerle birlikte \u00f6nemli d\u00f6n\u00fc\u015f\u00fcmlere de imza atm\u0131\u015ft\u0131r. \u00d6zellikle kiral\u0131k fiyatlar\u0131n\u0131n bu b\u00f6lgede art\u0131\u015f g\u00f6stermesinin belli bir sebebi bulunmaktad\u0131r. \u00dcmraniye \u00e7evresinde ofis \u00e7al\u0131\u015fanlar\u0131n\u0131n yo\u011funluklu olarak bulunmas\u0131yla kiral\u0131k daire aray\u0131\u015f\u0131na y\u00f6nelmi\u015flerdir. Ihlamurkuyu, Yamanevler ve ink\u0131lap gibi mahallelerde yeni yap\u0131 olarak rezidanslar \u00f6n plana \u00e7\u0131kmaktad\u0131r.<\/p>\n\n\n\n<p>Bu b\u00f6lgelerde yap\u0131lan rezidanslar y\u00fcksek kira getirisi sunmaktad\u0131r. Ayr\u0131ca alt gelir grubunun cebine hitap eden mahallelerde de kira fiyatlar\u0131nda \u00f6nemli oranda bir art\u0131\u015f ya\u015fanmaktad\u0131r. Bu b\u00f6lgelerdeki ortalama kira bedelleri ise 20.000 TL ile 35.000 TL aral\u0131\u011f\u0131nda de\u011fi\u015fiklik g\u00f6stermektedir. \u00dcmraniye, \u00e7ekirdek aileler ve finans sekt\u00f6r\u00fc \u00e7al\u0131\u015fanlar\u0131 a\u00e7\u0131s\u0131ndan uygun bir b\u00f6lgedir.<\/p>\n\n\n\n<figure class=\"wp-block-image size-large\"><img loading=\"lazy\" decoding=\"async\" width=\"1024\" height=\"683\" src=\"https:\/\/mulktakibi.com\/blog\/wp-content\/uploads\/2025\/08\/Ilce-Ilce-Degisen-Istanbul-Kiralik-Konut-Fiyatlari2-1024x683.jpg\" alt=\"\u0130l\u00e7e \u0130l\u00e7e De\u011fi\u015fen \u0130stanbul Kiral\u0131k Konut Fiyatlar\u01312\" class=\"wp-image-213\" srcset=\"https:\/\/mulktakibi.com\/blog\/wp-content\/uploads\/2025\/08\/Ilce-Ilce-Degisen-Istanbul-Kiralik-Konut-Fiyatlari2-1024x683.jpg 1024w, https:\/\/mulktakibi.com\/blog\/wp-content\/uploads\/2025\/08\/Ilce-Ilce-Degisen-Istanbul-Kiralik-Konut-Fiyatlari2-300x200.jpg 300w, https:\/\/mulktakibi.com\/blog\/wp-content\/uploads\/2025\/08\/Ilce-Ilce-Degisen-Istanbul-Kiralik-Konut-Fiyatlari2-768x512.jpg 768w, https:\/\/mulktakibi.com\/blog\/wp-content\/uploads\/2025\/08\/Ilce-Ilce-Degisen-Istanbul-Kiralik-Konut-Fiyatlari2.jpg 1536w\" sizes=\"auto, (max-width: 1024px) 100vw, 1024px\" \/><figcaption class=\"wp-element-caption\">\u0130l\u00e7e \u0130l\u00e7e De\u011fi\u015fen \u0130stanbul Kiral\u0131k Konut Fiyatlar\u0131<\/figcaption><\/figure>\n\n\n\n<h2 class=\"wp-block-heading\">3- Kad\u0131k\u00f6y<\/h2>\n\n\n\n<p>Ula\u015f\u0131m ve ya\u015fam kalitesi a\u00e7\u0131s\u0131ndan \u00f6n plana \u00e7\u0131kan Kad\u0131k\u00f6y, Avrupa yakas\u0131nda k\u00fclt\u00fcrel ve ticari merkezi il\u00e7elerden birisidir. Konut stokunun yenilenmesi, sosyal olanaklar\u0131n da iyile\u015fme g\u00f6stermesi ve yeni ula\u015f\u0131m projelerinin eklenmesi ile birlikte Kad\u0131k\u00f6y&#8217;e olan talep daha da art\u0131\u015f g\u00f6stermektedir.<\/p>\n\n\n\n<p>\u00d6zellikle sanat ve medya \u00e7al\u0131\u015fanlar\u0131 \u00fcniversite \u00f6\u011frencileri ve gen\u00e7 profesyoneller taraf\u0131ndan bu b\u00f6lgeye ra\u011fbet edilmektedir Hasanpa\u015fa ve Dumlup\u0131nar gibi b\u00f6lgeler orta gelirli ki\u015filer i\u00e7in uygun fiyatl\u0131 se\u00e7enekler sa\u011flamaktad\u0131r. Suadiye, Caddebostan ve moda gibi semtler ise y\u00fcksek gelirli kirac\u0131lar\u0131n cebine hitap etmektedir.<\/p>\n\n\n\n<h2 class=\"wp-block-heading\">4- Esenyurt<\/h2>\n\n\n\n<p>Kira art\u0131\u015f anlam\u0131nda il\u00e7eler ele al\u0131nacak olursa Esenyurt, uygun fiyatl\u0131 il\u00e7e se\u00e7enekleri aras\u0131ndad\u0131r. Suriyeli ve Orta Asyal\u0131 g\u00f6\u00e7menlerin bu b\u00f6lgelere yo\u011funluklu olarak yerle\u015fmesi sebebiyle kiral\u0131k konut piyasas\u0131 da hareketli d\u00f6nemler ge\u00e7irmektedir.<\/p>\n\n\n\n<p>G\u00fczelyurt ve P\u0131nar gibi b\u00f6lgeler daha y\u00fcksek fiyatl\u0131 se\u00e7enekler sa\u011flarken, Saadetdere gibi mahalleler ise uygun fiyatlar sunmaktad\u0131r. Bu b\u00f6lgede ortalama kira bedeli ise 10.000 TL ile 20.000 TL aras\u0131ndad\u0131r.<\/p>\n\n\n\n<h2 class=\"wp-block-heading\">5- Beylikd\u00fcz\u00fc<\/h2>\n\n\n\n<p>Metrob\u00fcs hatt\u0131na eri\u015fimi kolay, kira se\u00e7eneklerinin uygun olmas\u0131 ve ye\u015fil alan fazlal\u0131\u011f\u0131 ile \u00f6n plana \u00e7\u0131kan Beylikd\u00fcz\u00fc, \u0130stanbul&#8217;un bat\u0131s\u0131nda bulunmaktad\u0131r. \u00d6zellikle memurlar ve evcil hayvan sahipleri taraf\u0131ndan tercih edilen bir b\u00f6lge olmaktad\u0131r.<\/p>\n\n\n\n<p>Yakla\u015f\u0131k olarak kira bedelleri 15.000 TL ile 25.000 TL aral\u0131\u011f\u0131nda de\u011fi\u015fiklik g\u00f6stermektedir. Bu b\u00f6lgede konutlar\u0131n yap\u0131m\u0131 nispeten yeni say\u0131labilece\u011finden uygun fiyatl\u0131 daire se\u00e7enekleri de bulmak olduk\u00e7a kolayd\u0131r.<\/p>\n\n\n\n<p><a href=\"https:\/\/mulktakibi.com\/blog\/kira-stopaji-kim-tarafindan-odenir\/\">Kira Stopaj\u0131 Kim Taraf\u0131ndan \u00d6denir?<\/a><\/p>\n\n\n","protected":false},"excerpt":{"rendered":"<p>\u0130stanbul kiral\u0131k konut piyasas\u0131, 2025 y\u0131l\u0131 kapsam\u0131nda belli fakt\u00f6rler \u00e7er\u00e7evesinde \u015fekillenmeye devam etmektedir. \u0130l\u00e7e il\u00e7e kimi b\u00f6lgelerdeki kira fiyatlar\u0131 son derece abart\u0131l\u0131 fiyatlara ula\u015f\u0131rken, baz\u0131 il\u00e7elerde ise daha uygun alternatifler sunulmaktad\u0131r. Yap\u0131lan ula\u015f\u0131m projelerine ek olarak ya\u015fam tercihlerindeki de\u011fi\u015fiklikler, g\u00f6\u00e7 hareketlili\u011fi ve enflasyonun art\u0131\u015f g\u00f6stermesi sebebiyle baz\u0131 il\u00e7elerde talep art\u0131\u015f\u0131 g\u00f6r\u00fclmektedir. \u0130stanbul kiral\u0131k konut ihtiyac\u0131n\u0131n [&#8230;]\n","protected":false},"author":2,"featured_media":212,"comment_status":"open","ping_status":"open","sticky":false,"template":"","format":"standard","meta":{"footnotes":""},"categories":[1],"tags":[],"class_list":["post-211","post","type-post","status-publish","format-standard","has-post-thumbnail","hentry","category-genel"],"yoast_head":"<!-- This site is optimized with the Yoast SEO plugin v20.5 - https:\/\/yoast.com\/wordpress\/plugins\/seo\/ -->\n<title>\u0130l\u00e7e \u0130l\u00e7e De\u011fi\u015fen \u0130stanbul Kiral\u0131k Konut Fiyatlar\u0131 - M\u00fclk Takibi<\/title>\n<meta name=\"description\" content=\"\u0130stanbul kiral\u0131k konut fiyatlar\u0131 il\u00e7elere g\u00f6re nas\u0131l farkl\u0131l\u0131k g\u00f6steriyor? Semt semt kira analizi, fiyat de\u011fi\u015fimlerini etkileyen fakt\u00f6rler ve g\u00fcncel veriler bu yaz\u0131da sizi bekliyor!\" \/>\n<meta name=\"robots\" content=\"index, follow, max-snippet:-1, max-image-preview:large, max-video-preview:-1\" \/>\n<link rel=\"canonical\" href=\"https:\/\/mulktakibi.com\/blog\/ilce-ilce-degisen-istanbul-kiralik-konut-fiyatlari\/\" \/>\n<meta property=\"og:locale\" content=\"tr_TR\" \/>\n<meta property=\"og:type\" content=\"article\" \/>\n<meta property=\"og:title\" content=\"\u0130l\u00e7e \u0130l\u00e7e De\u011fi\u015fen \u0130stanbul Kiral\u0131k Konut Fiyatlar\u0131 - M\u00fclk Takibi\" \/>\n<meta property=\"og:description\" content=\"\u0130stanbul kiral\u0131k konut fiyatlar\u0131 il\u00e7elere g\u00f6re nas\u0131l farkl\u0131l\u0131k g\u00f6steriyor? Semt semt kira analizi, fiyat de\u011fi\u015fimlerini etkileyen fakt\u00f6rler ve g\u00fcncel veriler bu yaz\u0131da sizi bekliyor!\" \/>\n<meta property=\"og:url\" content=\"https:\/\/mulktakibi.com\/blog\/ilce-ilce-degisen-istanbul-kiralik-konut-fiyatlari\/\" \/>\n<meta property=\"og:site_name\" content=\"M\u00fclk Takibi\" \/>\n<meta property=\"article:publisher\" content=\"https:\/\/www.facebook.com\/mulktakibi\" \/>\n<meta property=\"article:published_time\" content=\"2025-08-06T09:00:00+00:00\" \/>\n<meta property=\"article:modified_time\" content=\"2025-08-06T08:11:42+00:00\" \/>\n<meta property=\"og:image\" content=\"https:\/\/mulktakibi.com\/blog\/wp-content\/uploads\/2025\/08\/Ilce-Ilce-Degisen-Istanbul-Kiralik-Konut-Fiyatlari.jpg\" \/>\n\t<meta property=\"og:image:width\" content=\"1536\" \/>\n\t<meta property=\"og:image:height\" content=\"1024\" \/>\n\t<meta property=\"og:image:type\" content=\"image\/jpeg\" \/>\n<meta name=\"author\" content=\"\u015eule Akyol\" \/>\n<meta name=\"twitter:card\" content=\"summary_large_image\" \/>\n<meta name=\"twitter:creator\" content=\"@mulktakibi\" \/>\n<meta name=\"twitter:site\" content=\"@mulktakibi\" \/>\n<meta name=\"twitter:label1\" content=\"Yazan:\" \/>\n\t<meta name=\"twitter:data1\" content=\"\u015eule Akyol\" \/>\n\t<meta name=\"twitter:label2\" content=\"Tahmini okuma s\u00fcresi\" \/>\n\t<meta name=\"twitter:data2\" content=\"4 dakika\" \/>\n<script type=\"application\/ld+json\" class=\"yoast-schema-graph\">{\"@context\":\"https:\/\/schema.org\",\"@graph\":[{\"@type\":\"Article\",\"@id\":\"https:\/\/mulktakibi.com\/blog\/ilce-ilce-degisen-istanbul-kiralik-konut-fiyatlari\/#article\",\"isPartOf\":{\"@id\":\"https:\/\/mulktakibi.com\/blog\/ilce-ilce-degisen-istanbul-kiralik-konut-fiyatlari\/\"},\"author\":{\"name\":\"\u015eule Akyol\",\"@id\":\"https:\/\/mulktakibi.com\/blog\/#\/schema\/person\/fe857fef554e553559eb568296f6dd43\"},\"headline\":\"\u0130l\u00e7e \u0130l\u00e7e De\u011fi\u015fen \u0130stanbul Kiral\u0131k Konut Fiyatlar\u0131\",\"datePublished\":\"2025-08-06T09:00:00+00:00\",\"dateModified\":\"2025-08-06T08:11:42+00:00\",\"mainEntityOfPage\":{\"@id\":\"https:\/\/mulktakibi.com\/blog\/ilce-ilce-degisen-istanbul-kiralik-konut-fiyatlari\/\"},\"wordCount\":737,\"commentCount\":0,\"publisher\":{\"@id\":\"https:\/\/mulktakibi.com\/blog\/#organization\"},\"inLanguage\":\"tr\",\"potentialAction\":[{\"@type\":\"CommentAction\",\"name\":\"Comment\",\"target\":[\"https:\/\/mulktakibi.com\/blog\/ilce-ilce-degisen-istanbul-kiralik-konut-fiyatlari\/#respond\"]}]},{\"@type\":\"WebPage\",\"@id\":\"https:\/\/mulktakibi.com\/blog\/ilce-ilce-degisen-istanbul-kiralik-konut-fiyatlari\/\",\"url\":\"https:\/\/mulktakibi.com\/blog\/ilce-ilce-degisen-istanbul-kiralik-konut-fiyatlari\/\",\"name\":\"\u0130l\u00e7e \u0130l\u00e7e De\u011fi\u015fen \u0130stanbul Kiral\u0131k Konut Fiyatlar\u0131 - M\u00fclk Takibi\",\"isPartOf\":{\"@id\":\"https:\/\/mulktakibi.com\/blog\/#website\"},\"datePublished\":\"2025-08-06T09:00:00+00:00\",\"dateModified\":\"2025-08-06T08:11:42+00:00\",\"description\":\"\u0130stanbul kiral\u0131k konut fiyatlar\u0131 il\u00e7elere g\u00f6re nas\u0131l farkl\u0131l\u0131k g\u00f6steriyor? Semt semt kira analizi, fiyat de\u011fi\u015fimlerini etkileyen fakt\u00f6rler ve g\u00fcncel veriler bu yaz\u0131da sizi bekliyor!\",\"breadcrumb\":{\"@id\":\"https:\/\/mulktakibi.com\/blog\/ilce-ilce-degisen-istanbul-kiralik-konut-fiyatlari\/#breadcrumb\"},\"inLanguage\":\"tr\",\"potentialAction\":[{\"@type\":\"ReadAction\",\"target\":[\"https:\/\/mulktakibi.com\/blog\/ilce-ilce-degisen-istanbul-kiralik-konut-fiyatlari\/\"]}]},{\"@type\":\"BreadcrumbList\",\"@id\":\"https:\/\/mulktakibi.com\/blog\/ilce-ilce-degisen-istanbul-kiralik-konut-fiyatlari\/#breadcrumb\",\"itemListElement\":[{\"@type\":\"ListItem\",\"position\":1,\"name\":\"Anasayfa\",\"item\":\"https:\/\/mulktakibi.com\/blog\/\"},{\"@type\":\"ListItem\",\"position\":2,\"name\":\"\u0130l\u00e7e \u0130l\u00e7e De\u011fi\u015fen \u0130stanbul Kiral\u0131k Konut Fiyatlar\u0131\"}]},{\"@type\":\"WebSite\",\"@id\":\"https:\/\/mulktakibi.com\/blog\/#website\",\"url\":\"https:\/\/mulktakibi.com\/blog\/\",\"name\":\"M\u00fclk Takibi\",\"description\":\"| Online Kira Takip Program\u0131 | Kira Takibi\",\"publisher\":{\"@id\":\"https:\/\/mulktakibi.com\/blog\/#organization\"},\"potentialAction\":[{\"@type\":\"SearchAction\",\"target\":{\"@type\":\"EntryPoint\",\"urlTemplate\":\"https:\/\/mulktakibi.com\/blog\/?s={search_term_string}\"},\"query-input\":\"required name=search_term_string\"}],\"inLanguage\":\"tr\"},{\"@type\":\"Organization\",\"@id\":\"https:\/\/mulktakibi.com\/blog\/#organization\",\"name\":\"M\u00fclk Takibi\",\"url\":\"https:\/\/mulktakibi.com\/blog\/\",\"logo\":{\"@type\":\"ImageObject\",\"inLanguage\":\"tr\",\"@id\":\"https:\/\/mulktakibi.com\/blog\/#\/schema\/logo\/image\/\",\"url\":\"https:\/\/mulktakibi.com\/blog\/wp-content\/uploads\/2022\/12\/logo.png\",\"contentUrl\":\"https:\/\/mulktakibi.com\/blog\/wp-content\/uploads\/2022\/12\/logo.png\",\"width\":300,\"height\":66,\"caption\":\"M\u00fclk Takibi\"},\"image\":{\"@id\":\"https:\/\/mulktakibi.com\/blog\/#\/schema\/logo\/image\/\"},\"sameAs\":[\"https:\/\/www.facebook.com\/mulktakibi\",\"https:\/\/twitter.com\/mulktakibi\",\"https:\/\/www.youtube.com\/channel\/UCZ0qRtwOZ01aeo-vswXKjqQ\",\"https:\/\/www.linkedin.com\/company\/mlk-takibi\/\",\"https:\/\/www.instagram.com\/mulktakibi\/\"]},{\"@type\":\"Person\",\"@id\":\"https:\/\/mulktakibi.com\/blog\/#\/schema\/person\/fe857fef554e553559eb568296f6dd43\",\"name\":\"\u015eule Akyol\",\"image\":{\"@type\":\"ImageObject\",\"inLanguage\":\"tr\",\"@id\":\"https:\/\/mulktakibi.com\/blog\/#\/schema\/person\/image\/\",\"url\":\"https:\/\/secure.gravatar.com\/avatar\/42cd57afda1d2ff6e51d534d996e862ffbf27dc3d8391abac3f6a9a9186b037a?s=96&d=mm&r=g\",\"contentUrl\":\"https:\/\/secure.gravatar.com\/avatar\/42cd57afda1d2ff6e51d534d996e862ffbf27dc3d8391abac3f6a9a9186b037a?s=96&d=mm&r=g\",\"caption\":\"\u015eule Akyol\"},\"sameAs\":[\"https:\/\/mulktakibi.com\"],\"url\":\"https:\/\/mulktakibi.com\/blog\/author\/suleakyol\/\"}]}<\/script>\n<!-- \/ Yoast SEO plugin. -->","yoast_head_json":{"title":"\u0130l\u00e7e \u0130l\u00e7e De\u011fi\u015fen \u0130stanbul Kiral\u0131k Konut Fiyatlar\u0131 - M\u00fclk Takibi","description":"\u0130stanbul kiral\u0131k konut fiyatlar\u0131 il\u00e7elere g\u00f6re nas\u0131l farkl\u0131l\u0131k g\u00f6steriyor? Semt semt kira analizi, fiyat de\u011fi\u015fimlerini etkileyen fakt\u00f6rler ve g\u00fcncel veriler bu yaz\u0131da sizi bekliyor!","robots":{"index":"index","follow":"follow","max-snippet":"max-snippet:-1","max-image-preview":"max-image-preview:large","max-video-preview":"max-video-preview:-1"},"canonical":"https:\/\/mulktakibi.com\/blog\/ilce-ilce-degisen-istanbul-kiralik-konut-fiyatlari\/","og_locale":"tr_TR","og_type":"article","og_title":"\u0130l\u00e7e \u0130l\u00e7e De\u011fi\u015fen \u0130stanbul Kiral\u0131k Konut Fiyatlar\u0131 - M\u00fclk Takibi","og_description":"\u0130stanbul kiral\u0131k konut fiyatlar\u0131 il\u00e7elere g\u00f6re nas\u0131l farkl\u0131l\u0131k g\u00f6steriyor? Semt semt kira analizi, fiyat de\u011fi\u015fimlerini etkileyen fakt\u00f6rler ve g\u00fcncel veriler bu yaz\u0131da sizi bekliyor!","og_url":"https:\/\/mulktakibi.com\/blog\/ilce-ilce-degisen-istanbul-kiralik-konut-fiyatlari\/","og_site_name":"M\u00fclk Takibi","article_publisher":"https:\/\/www.facebook.com\/mulktakibi","article_published_time":"2025-08-06T09:00:00+00:00","article_modified_time":"2025-08-06T08:11:42+00:00","og_image":[{"width":1536,"height":1024,"url":"https:\/\/mulktakibi.com\/blog\/wp-content\/uploads\/2025\/08\/Ilce-Ilce-Degisen-Istanbul-Kiralik-Konut-Fiyatlari.jpg","type":"image\/jpeg"}],"author":"\u015eule Akyol","twitter_card":"summary_large_image","twitter_creator":"@mulktakibi","twitter_site":"@mulktakibi","twitter_misc":{"Yazan:":"\u015eule Akyol","Tahmini okuma s\u00fcresi":"4 dakika"},"schema":{"@context":"https:\/\/schema.org","@graph":[{"@type":"Article","@id":"https:\/\/mulktakibi.com\/blog\/ilce-ilce-degisen-istanbul-kiralik-konut-fiyatlari\/#article","isPartOf":{"@id":"https:\/\/mulktakibi.com\/blog\/ilce-ilce-degisen-istanbul-kiralik-konut-fiyatlari\/"},"author":{"name":"\u015eule Akyol","@id":"https:\/\/mulktakibi.com\/blog\/#\/schema\/person\/fe857fef554e553559eb568296f6dd43"},"headline":"\u0130l\u00e7e \u0130l\u00e7e De\u011fi\u015fen \u0130stanbul Kiral\u0131k Konut Fiyatlar\u0131","datePublished":"2025-08-06T09:00:00+00:00","dateModified":"2025-08-06T08:11:42+00:00","mainEntityOfPage":{"@id":"https:\/\/mulktakibi.com\/blog\/ilce-ilce-degisen-istanbul-kiralik-konut-fiyatlari\/"},"wordCount":737,"commentCount":0,"publisher":{"@id":"https:\/\/mulktakibi.com\/blog\/#organization"},"inLanguage":"tr","potentialAction":[{"@type":"CommentAction","name":"Comment","target":["https:\/\/mulktakibi.com\/blog\/ilce-ilce-degisen-istanbul-kiralik-konut-fiyatlari\/#respond"]}]},{"@type":"WebPage","@id":"https:\/\/mulktakibi.com\/blog\/ilce-ilce-degisen-istanbul-kiralik-konut-fiyatlari\/","url":"https:\/\/mulktakibi.com\/blog\/ilce-ilce-degisen-istanbul-kiralik-konut-fiyatlari\/","name":"\u0130l\u00e7e \u0130l\u00e7e De\u011fi\u015fen \u0130stanbul Kiral\u0131k Konut Fiyatlar\u0131 - M\u00fclk Takibi","isPartOf":{"@id":"https:\/\/mulktakibi.com\/blog\/#website"},"datePublished":"2025-08-06T09:00:00+00:00","dateModified":"2025-08-06T08:11:42+00:00","description":"\u0130stanbul kiral\u0131k konut fiyatlar\u0131 il\u00e7elere g\u00f6re nas\u0131l farkl\u0131l\u0131k g\u00f6steriyor? Semt semt kira analizi, fiyat de\u011fi\u015fimlerini etkileyen fakt\u00f6rler ve g\u00fcncel veriler bu yaz\u0131da sizi bekliyor!","breadcrumb":{"@id":"https:\/\/mulktakibi.com\/blog\/ilce-ilce-degisen-istanbul-kiralik-konut-fiyatlari\/#breadcrumb"},"inLanguage":"tr","potentialAction":[{"@type":"ReadAction","target":["https:\/\/mulktakibi.com\/blog\/ilce-ilce-degisen-istanbul-kiralik-konut-fiyatlari\/"]}]},{"@type":"BreadcrumbList","@id":"https:\/\/mulktakibi.com\/blog\/ilce-ilce-degisen-istanbul-kiralik-konut-fiyatlari\/#breadcrumb","itemListElement":[{"@type":"ListItem","position":1,"name":"Anasayfa","item":"https:\/\/mulktakibi.com\/blog\/"},{"@type":"ListItem","position":2,"name":"\u0130l\u00e7e \u0130l\u00e7e De\u011fi\u015fen \u0130stanbul Kiral\u0131k Konut Fiyatlar\u0131"}]},{"@type":"WebSite","@id":"https:\/\/mulktakibi.com\/blog\/#website","url":"https:\/\/mulktakibi.com\/blog\/","name":"M\u00fclk Takibi","description":"| Online Kira Takip Program\u0131 | Kira Takibi","publisher":{"@id":"https:\/\/mulktakibi.com\/blog\/#organization"},"potentialAction":[{"@type":"SearchAction","target":{"@type":"EntryPoint","urlTemplate":"https:\/\/mulktakibi.com\/blog\/?s={search_term_string}"},"query-input":"required name=search_term_string"}],"inLanguage":"tr"},{"@type":"Organization","@id":"https:\/\/mulktakibi.com\/blog\/#organization","name":"M\u00fclk Takibi","url":"https:\/\/mulktakibi.com\/blog\/","logo":{"@type":"ImageObject","inLanguage":"tr","@id":"https:\/\/mulktakibi.com\/blog\/#\/schema\/logo\/image\/","url":"https:\/\/mulktakibi.com\/blog\/wp-content\/uploads\/2022\/12\/logo.png","contentUrl":"https:\/\/mulktakibi.com\/blog\/wp-content\/uploads\/2022\/12\/logo.png","width":300,"height":66,"caption":"M\u00fclk Takibi"},"image":{"@id":"https:\/\/mulktakibi.com\/blog\/#\/schema\/logo\/image\/"},"sameAs":["https:\/\/www.facebook.com\/mulktakibi","https:\/\/twitter.com\/mulktakibi","https:\/\/www.youtube.com\/channel\/UCZ0qRtwOZ01aeo-vswXKjqQ","https:\/\/www.linkedin.com\/company\/mlk-takibi\/","https:\/\/www.instagram.com\/mulktakibi\/"]},{"@type":"Person","@id":"https:\/\/mulktakibi.com\/blog\/#\/schema\/person\/fe857fef554e553559eb568296f6dd43","name":"\u015eule Akyol","image":{"@type":"ImageObject","inLanguage":"tr","@id":"https:\/\/mulktakibi.com\/blog\/#\/schema\/person\/image\/","url":"https:\/\/secure.gravatar.com\/avatar\/42cd57afda1d2ff6e51d534d996e862ffbf27dc3d8391abac3f6a9a9186b037a?s=96&d=mm&r=g","contentUrl":"https:\/\/secure.gravatar.com\/avatar\/42cd57afda1d2ff6e51d534d996e862ffbf27dc3d8391abac3f6a9a9186b037a?s=96&d=mm&r=g","caption":"\u015eule Akyol"},"sameAs":["https:\/\/mulktakibi.com"],"url":"https:\/\/mulktakibi.com\/blog\/author\/suleakyol\/"}]}},"_links":{"self":[{"href":"https:\/\/mulktakibi.com\/blog\/wp-json\/wp\/v2\/posts\/211","targetHints":{"allow":["GET"]}}],"collection":[{"href":"https:\/\/mulktakibi.com\/blog\/wp-json\/wp\/v2\/posts"}],"about":[{"href":"https:\/\/mulktakibi.com\/blog\/wp-json\/wp\/v2\/types\/post"}],"author":[{"embeddable":true,"href":"https:\/\/mulktakibi.com\/blog\/wp-json\/wp\/v2\/users\/2"}],"replies":[{"embeddable":true,"href":"https:\/\/mulktakibi.com\/blog\/wp-json\/wp\/v2\/comments?post=211"}],"version-history":[{"count":1,"href":"https:\/\/mulktakibi.com\/blog\/wp-json\/wp\/v2\/posts\/211\/revisions"}],"predecessor-version":[{"id":214,"href":"https:\/\/mulktakibi.com\/blog\/wp-json\/wp\/v2\/posts\/211\/revisions\/214"}],"wp:featuredmedia":[{"embeddable":true,"href":"https:\/\/mulktakibi.com\/blog\/wp-json\/wp\/v2\/media\/212"}],"wp:attachment":[{"href":"https:\/\/mulktakibi.com\/blog\/wp-json\/wp\/v2\/media?parent=211"}],"wp:term":[{"taxonomy":"category","embeddable":true,"href":"https:\/\/mulktakibi.com\/blog\/wp-json\/wp\/v2\/categories?post=211"},{"taxonomy":"post_tag","embeddable":true,"href":"https:\/\/mulktakibi.com\/blog\/wp-json\/wp\/v2\/tags?post=211"}],"curies":[{"name":"wp","href":"https:\/\/api.w.org\/{rel}","templated":true}]}}