{"id":132,"date":"2025-06-24T12:00:00","date_gmt":"2025-06-24T09:00:00","guid":{"rendered":"https:\/\/mulktakibi.com\/blog\/?p=132"},"modified":"2025-06-24T10:56:38","modified_gmt":"2025-06-24T07:56:38","slug":"evin-veya-mulkun-kirasi-nasil-hesaplanir","status":"publish","type":"post","link":"https:\/\/mulktakibi.com\/blog\/evin-veya-mulkun-kirasi-nasil-hesaplanir\/","title":{"rendered":"Evin veya M\u00fclk\u00fcn Kiras\u0131 Nas\u0131l Hesaplan\u0131r?"},"content":{"rendered":"\n<p>Bir evi veya bir m\u00fclk\u00fc kiraya vermek, yaln\u0131zca evi ba\u015fkas\u0131na devretmekten ibaret de\u011fildir. Kirac\u0131n\u0131n adil bir \u00fccret \u00f6demesi ve m\u00fclk sahibinin kazan\u00e7 elde edebilmesi i\u00e7in kira bedelini do\u011fru \u015fekilde belirlemek gerekir. G\u00fcn\u00fcm\u00fczde ekonomik \u00e7alkant\u0131lar sebebiyle gayrimenkul yat\u0131r\u0131mlar\u0131, g\u00fcvenli liman olarak g\u00f6r\u00fclmektedir.<\/p>\n\n\n\n<p>Ya\u015fanan ekonomik ko\u015fullar, b\u00f6lgesel geli\u015fmeler, arz talep dengesi ve enflasyon oranlar\u0131 gibi unsurlar kira fiyatlar\u0131n\u0131 etkilemektedir. B\u00fcy\u00fck \u015fehirlerde g\u00f6r\u00fclmekte olan g\u00f6\u00e7, \u00fcniversite kamp\u00fcslerinin geli\u015fmesi ve ula\u015f\u0131m projesi gibi nedenlerle kiralar h\u0131zla art\u0131\u015f g\u00f6stermektedir. Baz\u0131 b\u00f6lgelerde g\u00f6r\u00fclen konut bollu\u011fu ve altyap\u0131 eksikli\u011fi de fiyatlar\u0131n a\u015fa\u011f\u0131 do\u011fru gerilemesine neden olmaktad\u0131r.<\/p>\n\n\n\n<p>Hem m\u00fclk sahibinin zarar etmemesi hem de kirac\u0131n\u0131n dengeli \u015fekilde kira \u00f6demesi i\u00e7in ayr\u0131nt\u0131l\u0131 bir hesaplama yapmak gerekmektedir bunun i\u00e7in piyasa takibi do\u011fru hesaplama y\u00f6ntemleri ve detayl\u0131 analiz gerekmektedir. Bu temel prensipler; ev sahipleri i\u00e7in ger\u00e7ek\u00e7i ve rekabet\u00e7i bir fiyat belirlemeleri m\u00fcmk\u00fcn olmaktad\u0131r. Bu y\u00f6ntemlerin her birini ise \u015f\u00f6yle a\u00e7\u0131klamak m\u00fcmk\u00fcnd\u00fcr:<\/p>\n\n\n\n<h2 class=\"wp-block-heading\">1- Getiri Oran\u0131 Y\u00f6ntemi<\/h2>\n\n\n\n<p>Yat\u0131r\u0131m mant\u0131\u011f\u0131yla kira hesaplama y\u00f6ntemlerinden birisi olan getiri oran\u0131 y\u00f6ntemi, profesyonel yat\u0131r\u0131mc\u0131lar taraf\u0131ndan kullan\u0131l\u0131r. Br\u00fct kira \u00e7arpan\u0131 veya net getiri oran\u0131 gibi kavramlar\u0131 i\u00e7ermektedir. Gayrimenkul yat\u0131r\u0131m yapmay\u0131 planlayan ki\u015filer i\u00e7in kira geliri, yat\u0131r\u0131m\u0131n geri d\u00f6n\u00fc\u015ft\u00fcresini belirlemektedir. Bu sebeple kira tutar\u0131, m\u00fclk\u00fcn toplam de\u011ferine oranlanarak hesaplanmaktad\u0131r.<\/p>\n\n\n\n<p>\u2022 Br\u00fct getiri hesaplama form\u00fcl\u00fc: br\u00fct kira getirisi = y\u0131ll\u0131k kira geliri \/ m\u00fclk\u00fcn piyasa de\u011feri<\/p>\n\n\n\n<p>Dairenizin de\u011feri 3.000.000 s\u00f6yle ve y\u0131ll\u0131k kira geliri 300.000 TL ise getiri oran\u0131 %10 olacakt\u0131r. Bu oran T\u00fcrkiye i\u00e7in %4 ile %8 aras\u0131nda de\u011fi\u015fiklik g\u00f6sterebilir. Hesap yapt\u0131\u011f\u0131n\u0131zda oran %3&#8217;\u00fcn alt\u0131na d\u00fc\u015f\u00fcyorsa, kira tutar\u0131n\u0131z d\u00fc\u015f\u00fck kalm\u0131\u015f olabilir. Aksi bir durumda yani y\u00fcksek oran g\u00f6r\u00fcld\u00fc\u011f\u00fcnde ise m\u00fclk\u00fcn de\u011ferine g\u00f6re fazla kira istendi\u011fini g\u00f6sterir.<\/p>\n\n\n\n<p>Bu form\u00fcl\u00fcn avantajlar\u0131 yat\u0131r\u0131m performans\u0131n\u0131 \u00f6l\u00e7mek i\u00e7in son derece uygundur. Profesyonel kira politikalar\u0131 olu\u015fturman\u0131za katk\u0131 sa\u011flamaktad\u0131r. Kiraya verece\u011finiz m\u00fclk\u00fcn piyasa de\u011feri baz al\u0131narak hesaplan\u0131r. \u00d6zellikle bu y\u00f6ntemi kullanmak istiyorsan\u0131z y\u00fcksek de\u011ferli miktarda ve merkezi lokasyonlardaki daireler i\u00e7in tercih edebilirsiniz.<\/p>\n\n\n\n<figure class=\"wp-block-image size-large\"><img loading=\"lazy\" decoding=\"async\" width=\"1024\" height=\"683\" src=\"https:\/\/mulktakibi.com\/blog\/wp-content\/uploads\/2025\/06\/Evin-veya-Mulkun-Kirasi-Nasil-Hesaplanir-1024x683.jpg\" alt=\"Evin veya M\u00fclk\u00fcn Kiras\u0131 Nas\u0131l Hesaplan\u0131r\" class=\"wp-image-133\" srcset=\"https:\/\/mulktakibi.com\/blog\/wp-content\/uploads\/2025\/06\/Evin-veya-Mulkun-Kirasi-Nasil-Hesaplanir-1024x683.jpg 1024w, https:\/\/mulktakibi.com\/blog\/wp-content\/uploads\/2025\/06\/Evin-veya-Mulkun-Kirasi-Nasil-Hesaplanir-300x200.jpg 300w, https:\/\/mulktakibi.com\/blog\/wp-content\/uploads\/2025\/06\/Evin-veya-Mulkun-Kirasi-Nasil-Hesaplanir-768x512.jpg 768w, https:\/\/mulktakibi.com\/blog\/wp-content\/uploads\/2025\/06\/Evin-veya-Mulkun-Kirasi-Nasil-Hesaplanir.jpg 1536w\" sizes=\"auto, (max-width: 1024px) 100vw, 1024px\" \/><figcaption class=\"wp-element-caption\">Evin veya M\u00fclk\u00fcn Kiras\u0131 Nas\u0131l Hesaplan\u0131r<\/figcaption><\/figure>\n\n\n\n<h2 class=\"wp-block-heading\">2- Emsal Kira Analizi<\/h2>\n\n\n\n<p>Bu y\u00f6nteme g\u00f6re piyasaya bakarak do\u011fru fiyat\u0131 bulmak m\u00fcmk\u00fcn olmaktad\u0131r. Kira belirlemenin en yayg\u0131n ve pratik yolu, emsal kira analizine bakarak ge\u00e7mektedir. Etraftaki benzer m\u00fclklerin kira bedellerini kar\u015f\u0131la\u015ft\u0131rarak i\u015fe koyulabilirsiniz. Emsal analizine g\u00f6re ayn\u0131 semtte yer alan kiral\u0131k evler, b\u00fcy\u00fckl\u00fcklerine, konumlar\u0131na ve \u00f6zelliklerine g\u00f6re incelenir. Bu y\u00f6ntem ile konut piyasas\u0131ndaki al\u0131c\u0131lar ve kiraya verenler i\u00e7in yayg\u0131n bir y\u00f6ntemdir.<\/p>\n\n\n\n<p>\u00d6rne\u011fin, bir dairenin ortalama kiras\u0131 25.000 TL civar\u0131ndaysa benzer \u00f6zellikte bulunan m\u00fclk\u00fcn\u00fcz i\u00e7in bu rakam\u0131 baz alabilirsiniz. Fakat emsaller yaln\u0131zca y\u00f6n g\u00f6sterdi\u011fi i\u00e7in her dairenin kendine \u00f6zg\u00fc avantajlar\u0131 veya dezavantajlar\u0131 oldu\u011fu unutulmamal\u0131d\u0131r. Dairelerin kendine has \u00f6zellikleri fiyat\u0131 hem art\u0131rabilir hem de azaltabilir. Bu y\u00f6ntemi uygulamak i\u00e7in internet \u00fczerinde bulunan farkl\u0131 daire sat\u0131\u015flar\u0131n\u0131n ve kiralamalar\u0131n yer ald\u0131\u011f\u0131 platformlardaki b\u00f6lgenize ait benzer ilanlar\u0131 listeleyerek i\u015fe ba\u015flay\u0131n. Ortalama kira de\u011ferini belirledikten sonra m\u00fclk\u00fcn\u00fcz\u00fcn olumlu ve olumsuz \u00f6zelliklerine g\u00f6re de\u011ferini art\u0131r\u0131n veya azalt\u0131n.<\/p>\n\n\n\n<h2 class=\"wp-block-heading\">3- Gider Odakl\u0131 Yakla\u015f\u0131m<\/h2>\n\n\n\n<p>Kira verirlerken maliyet tablosunu g\u00f6z \u00f6n\u00fcnde bulundurman\u0131z gerekmektedir. Evinizi kiraya vermek demek, yaln\u0131zca kazan\u00e7 elde etmenize yaramaz. Ayn\u0131 zamanda kar\u015f\u0131n\u0131za baz\u0131 sabit ve de\u011fi\u015fken giderler de \u00e7\u0131kacakt\u0131r.<\/p>\n\n\n\n<p>Aidat ve bina giderleri, sigorta bedeli, d\u00f6nemsel yap\u0131lacak bak\u0131m ve tadilat masraflar\u0131, emlak vergisi ve bo\u015f kalma s\u00fcreleri gibi fakt\u00f6rlere dikkat etmeniz gerekir. Bu hesaplama y\u00f6ntemi kira bedelinizin hangi d\u00fczeyde olmas\u0131 gerekti\u011fini a\u00e7\u0131k\u00e7a g\u00f6sterir.<\/p>\n\n\n\n<p>Kolay bir takip y\u00f6ntemi i\u00e7in <a href=\"https:\/\/mulktakibi.com\/\">M\u00fclk Takibi<\/a> Kullan\u0131n!<\/p>\n\n\n","protected":false},"excerpt":{"rendered":"<p>Bir evi veya bir m\u00fclk\u00fc kiraya vermek, yaln\u0131zca evi ba\u015fkas\u0131na devretmekten ibaret de\u011fildir. Kirac\u0131n\u0131n adil bir \u00fccret \u00f6demesi ve m\u00fclk sahibinin kazan\u00e7 elde edebilmesi i\u00e7in kira bedelini do\u011fru \u015fekilde belirlemek gerekir. G\u00fcn\u00fcm\u00fczde ekonomik \u00e7alkant\u0131lar sebebiyle gayrimenkul yat\u0131r\u0131mlar\u0131, g\u00fcvenli liman olarak g\u00f6r\u00fclmektedir. Ya\u015fanan ekonomik ko\u015fullar, b\u00f6lgesel geli\u015fmeler, arz talep dengesi ve enflasyon oranlar\u0131 gibi unsurlar kira [&#8230;]\n","protected":false},"author":2,"featured_media":134,"comment_status":"open","ping_status":"open","sticky":false,"template":"","format":"standard","meta":{"footnotes":""},"categories":[1],"tags":[],"class_list":["post-132","post","type-post","status-publish","format-standard","has-post-thumbnail","hentry","category-genel"],"yoast_head":"<!-- This site is optimized with the Yoast SEO plugin v20.5 - https:\/\/yoast.com\/wordpress\/plugins\/seo\/ -->\n<title>Evin veya M\u00fclk\u00fcn Kiras\u0131 Nas\u0131l Hesaplan\u0131r? - M\u00fclk Takibi<\/title>\n<meta name=\"description\" content=\"Evinizin kira de\u011ferini do\u011fru hesaplamak m\u0131 istiyorsunuz? B\u00f6lge analizi, amortisman oran\u0131 ve emsal kiralarla ad\u0131m ad\u0131m hesaplama y\u00f6ntemlerini M\u00fclk Takibi blogunda \u015fimdi ke\u015ffedin!\" \/>\n<meta name=\"robots\" content=\"index, follow, max-snippet:-1, max-image-preview:large, max-video-preview:-1\" \/>\n<link rel=\"canonical\" href=\"https:\/\/mulktakibi.com\/blog\/evin-veya-mulkun-kirasi-nasil-hesaplanir\/\" \/>\n<meta property=\"og:locale\" content=\"tr_TR\" \/>\n<meta property=\"og:type\" content=\"article\" \/>\n<meta property=\"og:title\" content=\"Evin veya M\u00fclk\u00fcn Kiras\u0131 Nas\u0131l Hesaplan\u0131r? - M\u00fclk Takibi\" \/>\n<meta property=\"og:description\" content=\"Evinizin kira de\u011ferini do\u011fru hesaplamak m\u0131 istiyorsunuz? B\u00f6lge analizi, amortisman oran\u0131 ve emsal kiralarla ad\u0131m ad\u0131m hesaplama y\u00f6ntemlerini M\u00fclk Takibi blogunda \u015fimdi ke\u015ffedin!\" \/>\n<meta property=\"og:url\" content=\"https:\/\/mulktakibi.com\/blog\/evin-veya-mulkun-kirasi-nasil-hesaplanir\/\" \/>\n<meta property=\"og:site_name\" content=\"M\u00fclk Takibi\" \/>\n<meta property=\"article:publisher\" content=\"https:\/\/www.facebook.com\/mulktakibi\" \/>\n<meta property=\"article:published_time\" content=\"2025-06-24T09:00:00+00:00\" \/>\n<meta property=\"article:modified_time\" content=\"2025-06-24T07:56:38+00:00\" \/>\n<meta property=\"og:image\" content=\"https:\/\/mulktakibi.com\/blog\/wp-content\/uploads\/2025\/06\/Evin-veya-Mulkun-Kirasi-Nasil-Hesaplanirr.jpg\" \/>\n\t<meta property=\"og:image:width\" content=\"1536\" \/>\n\t<meta property=\"og:image:height\" content=\"1024\" \/>\n\t<meta property=\"og:image:type\" content=\"image\/jpeg\" \/>\n<meta name=\"author\" content=\"\u015eule Akyol\" \/>\n<meta name=\"twitter:card\" content=\"summary_large_image\" \/>\n<meta name=\"twitter:creator\" content=\"@mulktakibi\" \/>\n<meta name=\"twitter:site\" content=\"@mulktakibi\" \/>\n<meta name=\"twitter:label1\" content=\"Yazan:\" \/>\n\t<meta name=\"twitter:data1\" content=\"\u015eule Akyol\" \/>\n\t<meta name=\"twitter:label2\" content=\"Tahmini okuma s\u00fcresi\" \/>\n\t<meta name=\"twitter:data2\" content=\"4 dakika\" \/>\n<script type=\"application\/ld+json\" class=\"yoast-schema-graph\">{\"@context\":\"https:\/\/schema.org\",\"@graph\":[{\"@type\":\"Article\",\"@id\":\"https:\/\/mulktakibi.com\/blog\/evin-veya-mulkun-kirasi-nasil-hesaplanir\/#article\",\"isPartOf\":{\"@id\":\"https:\/\/mulktakibi.com\/blog\/evin-veya-mulkun-kirasi-nasil-hesaplanir\/\"},\"author\":{\"name\":\"\u015eule Akyol\",\"@id\":\"https:\/\/mulktakibi.com\/blog\/#\/schema\/person\/fe857fef554e553559eb568296f6dd43\"},\"headline\":\"Evin veya M\u00fclk\u00fcn Kiras\u0131 Nas\u0131l Hesaplan\u0131r?\",\"datePublished\":\"2025-06-24T09:00:00+00:00\",\"dateModified\":\"2025-06-24T07:56:38+00:00\",\"mainEntityOfPage\":{\"@id\":\"https:\/\/mulktakibi.com\/blog\/evin-veya-mulkun-kirasi-nasil-hesaplanir\/\"},\"wordCount\":756,\"commentCount\":0,\"publisher\":{\"@id\":\"https:\/\/mulktakibi.com\/blog\/#organization\"},\"inLanguage\":\"tr\",\"potentialAction\":[{\"@type\":\"CommentAction\",\"name\":\"Comment\",\"target\":[\"https:\/\/mulktakibi.com\/blog\/evin-veya-mulkun-kirasi-nasil-hesaplanir\/#respond\"]}]},{\"@type\":\"WebPage\",\"@id\":\"https:\/\/mulktakibi.com\/blog\/evin-veya-mulkun-kirasi-nasil-hesaplanir\/\",\"url\":\"https:\/\/mulktakibi.com\/blog\/evin-veya-mulkun-kirasi-nasil-hesaplanir\/\",\"name\":\"Evin veya M\u00fclk\u00fcn Kiras\u0131 Nas\u0131l Hesaplan\u0131r? - M\u00fclk Takibi\",\"isPartOf\":{\"@id\":\"https:\/\/mulktakibi.com\/blog\/#website\"},\"datePublished\":\"2025-06-24T09:00:00+00:00\",\"dateModified\":\"2025-06-24T07:56:38+00:00\",\"description\":\"Evinizin kira de\u011ferini do\u011fru hesaplamak m\u0131 istiyorsunuz? B\u00f6lge analizi, amortisman oran\u0131 ve emsal kiralarla ad\u0131m ad\u0131m hesaplama y\u00f6ntemlerini M\u00fclk Takibi blogunda \u015fimdi ke\u015ffedin!\",\"breadcrumb\":{\"@id\":\"https:\/\/mulktakibi.com\/blog\/evin-veya-mulkun-kirasi-nasil-hesaplanir\/#breadcrumb\"},\"inLanguage\":\"tr\",\"potentialAction\":[{\"@type\":\"ReadAction\",\"target\":[\"https:\/\/mulktakibi.com\/blog\/evin-veya-mulkun-kirasi-nasil-hesaplanir\/\"]}]},{\"@type\":\"BreadcrumbList\",\"@id\":\"https:\/\/mulktakibi.com\/blog\/evin-veya-mulkun-kirasi-nasil-hesaplanir\/#breadcrumb\",\"itemListElement\":[{\"@type\":\"ListItem\",\"position\":1,\"name\":\"Anasayfa\",\"item\":\"https:\/\/mulktakibi.com\/blog\/\"},{\"@type\":\"ListItem\",\"position\":2,\"name\":\"Evin veya M\u00fclk\u00fcn Kiras\u0131 Nas\u0131l Hesaplan\u0131r?\"}]},{\"@type\":\"WebSite\",\"@id\":\"https:\/\/mulktakibi.com\/blog\/#website\",\"url\":\"https:\/\/mulktakibi.com\/blog\/\",\"name\":\"M\u00fclk Takibi\",\"description\":\"| Online Kira Takip Program\u0131 | Kira Takibi\",\"publisher\":{\"@id\":\"https:\/\/mulktakibi.com\/blog\/#organization\"},\"potentialAction\":[{\"@type\":\"SearchAction\",\"target\":{\"@type\":\"EntryPoint\",\"urlTemplate\":\"https:\/\/mulktakibi.com\/blog\/?s={search_term_string}\"},\"query-input\":\"required name=search_term_string\"}],\"inLanguage\":\"tr\"},{\"@type\":\"Organization\",\"@id\":\"https:\/\/mulktakibi.com\/blog\/#organization\",\"name\":\"M\u00fclk Takibi\",\"url\":\"https:\/\/mulktakibi.com\/blog\/\",\"logo\":{\"@type\":\"ImageObject\",\"inLanguage\":\"tr\",\"@id\":\"https:\/\/mulktakibi.com\/blog\/#\/schema\/logo\/image\/\",\"url\":\"https:\/\/mulktakibi.com\/blog\/wp-content\/uploads\/2022\/12\/logo.png\",\"contentUrl\":\"https:\/\/mulktakibi.com\/blog\/wp-content\/uploads\/2022\/12\/logo.png\",\"width\":300,\"height\":66,\"caption\":\"M\u00fclk Takibi\"},\"image\":{\"@id\":\"https:\/\/mulktakibi.com\/blog\/#\/schema\/logo\/image\/\"},\"sameAs\":[\"https:\/\/www.facebook.com\/mulktakibi\",\"https:\/\/twitter.com\/mulktakibi\",\"https:\/\/www.youtube.com\/channel\/UCZ0qRtwOZ01aeo-vswXKjqQ\",\"https:\/\/www.linkedin.com\/company\/mlk-takibi\/\",\"https:\/\/www.instagram.com\/mulktakibi\/\"]},{\"@type\":\"Person\",\"@id\":\"https:\/\/mulktakibi.com\/blog\/#\/schema\/person\/fe857fef554e553559eb568296f6dd43\",\"name\":\"\u015eule Akyol\",\"image\":{\"@type\":\"ImageObject\",\"inLanguage\":\"tr\",\"@id\":\"https:\/\/mulktakibi.com\/blog\/#\/schema\/person\/image\/\",\"url\":\"https:\/\/secure.gravatar.com\/avatar\/42cd57afda1d2ff6e51d534d996e862ffbf27dc3d8391abac3f6a9a9186b037a?s=96&d=mm&r=g\",\"contentUrl\":\"https:\/\/secure.gravatar.com\/avatar\/42cd57afda1d2ff6e51d534d996e862ffbf27dc3d8391abac3f6a9a9186b037a?s=96&d=mm&r=g\",\"caption\":\"\u015eule Akyol\"},\"sameAs\":[\"https:\/\/mulktakibi.com\"],\"url\":\"https:\/\/mulktakibi.com\/blog\/author\/suleakyol\/\"}]}<\/script>\n<!-- \/ Yoast SEO plugin. -->","yoast_head_json":{"title":"Evin veya M\u00fclk\u00fcn Kiras\u0131 Nas\u0131l Hesaplan\u0131r? - M\u00fclk Takibi","description":"Evinizin kira de\u011ferini do\u011fru hesaplamak m\u0131 istiyorsunuz? B\u00f6lge analizi, amortisman oran\u0131 ve emsal kiralarla ad\u0131m ad\u0131m hesaplama y\u00f6ntemlerini M\u00fclk Takibi blogunda \u015fimdi ke\u015ffedin!","robots":{"index":"index","follow":"follow","max-snippet":"max-snippet:-1","max-image-preview":"max-image-preview:large","max-video-preview":"max-video-preview:-1"},"canonical":"https:\/\/mulktakibi.com\/blog\/evin-veya-mulkun-kirasi-nasil-hesaplanir\/","og_locale":"tr_TR","og_type":"article","og_title":"Evin veya M\u00fclk\u00fcn Kiras\u0131 Nas\u0131l Hesaplan\u0131r? - M\u00fclk Takibi","og_description":"Evinizin kira de\u011ferini do\u011fru hesaplamak m\u0131 istiyorsunuz? B\u00f6lge analizi, amortisman oran\u0131 ve emsal kiralarla ad\u0131m ad\u0131m hesaplama y\u00f6ntemlerini M\u00fclk Takibi blogunda \u015fimdi ke\u015ffedin!","og_url":"https:\/\/mulktakibi.com\/blog\/evin-veya-mulkun-kirasi-nasil-hesaplanir\/","og_site_name":"M\u00fclk Takibi","article_publisher":"https:\/\/www.facebook.com\/mulktakibi","article_published_time":"2025-06-24T09:00:00+00:00","article_modified_time":"2025-06-24T07:56:38+00:00","og_image":[{"width":1536,"height":1024,"url":"https:\/\/mulktakibi.com\/blog\/wp-content\/uploads\/2025\/06\/Evin-veya-Mulkun-Kirasi-Nasil-Hesaplanirr.jpg","type":"image\/jpeg"}],"author":"\u015eule Akyol","twitter_card":"summary_large_image","twitter_creator":"@mulktakibi","twitter_site":"@mulktakibi","twitter_misc":{"Yazan:":"\u015eule Akyol","Tahmini okuma s\u00fcresi":"4 dakika"},"schema":{"@context":"https:\/\/schema.org","@graph":[{"@type":"Article","@id":"https:\/\/mulktakibi.com\/blog\/evin-veya-mulkun-kirasi-nasil-hesaplanir\/#article","isPartOf":{"@id":"https:\/\/mulktakibi.com\/blog\/evin-veya-mulkun-kirasi-nasil-hesaplanir\/"},"author":{"name":"\u015eule Akyol","@id":"https:\/\/mulktakibi.com\/blog\/#\/schema\/person\/fe857fef554e553559eb568296f6dd43"},"headline":"Evin veya M\u00fclk\u00fcn Kiras\u0131 Nas\u0131l Hesaplan\u0131r?","datePublished":"2025-06-24T09:00:00+00:00","dateModified":"2025-06-24T07:56:38+00:00","mainEntityOfPage":{"@id":"https:\/\/mulktakibi.com\/blog\/evin-veya-mulkun-kirasi-nasil-hesaplanir\/"},"wordCount":756,"commentCount":0,"publisher":{"@id":"https:\/\/mulktakibi.com\/blog\/#organization"},"inLanguage":"tr","potentialAction":[{"@type":"CommentAction","name":"Comment","target":["https:\/\/mulktakibi.com\/blog\/evin-veya-mulkun-kirasi-nasil-hesaplanir\/#respond"]}]},{"@type":"WebPage","@id":"https:\/\/mulktakibi.com\/blog\/evin-veya-mulkun-kirasi-nasil-hesaplanir\/","url":"https:\/\/mulktakibi.com\/blog\/evin-veya-mulkun-kirasi-nasil-hesaplanir\/","name":"Evin veya M\u00fclk\u00fcn Kiras\u0131 Nas\u0131l Hesaplan\u0131r? - M\u00fclk Takibi","isPartOf":{"@id":"https:\/\/mulktakibi.com\/blog\/#website"},"datePublished":"2025-06-24T09:00:00+00:00","dateModified":"2025-06-24T07:56:38+00:00","description":"Evinizin kira de\u011ferini do\u011fru hesaplamak m\u0131 istiyorsunuz? B\u00f6lge analizi, amortisman oran\u0131 ve emsal kiralarla ad\u0131m ad\u0131m hesaplama y\u00f6ntemlerini M\u00fclk Takibi blogunda \u015fimdi ke\u015ffedin!","breadcrumb":{"@id":"https:\/\/mulktakibi.com\/blog\/evin-veya-mulkun-kirasi-nasil-hesaplanir\/#breadcrumb"},"inLanguage":"tr","potentialAction":[{"@type":"ReadAction","target":["https:\/\/mulktakibi.com\/blog\/evin-veya-mulkun-kirasi-nasil-hesaplanir\/"]}]},{"@type":"BreadcrumbList","@id":"https:\/\/mulktakibi.com\/blog\/evin-veya-mulkun-kirasi-nasil-hesaplanir\/#breadcrumb","itemListElement":[{"@type":"ListItem","position":1,"name":"Anasayfa","item":"https:\/\/mulktakibi.com\/blog\/"},{"@type":"ListItem","position":2,"name":"Evin veya M\u00fclk\u00fcn Kiras\u0131 Nas\u0131l Hesaplan\u0131r?"}]},{"@type":"WebSite","@id":"https:\/\/mulktakibi.com\/blog\/#website","url":"https:\/\/mulktakibi.com\/blog\/","name":"M\u00fclk Takibi","description":"| Online Kira Takip Program\u0131 | Kira Takibi","publisher":{"@id":"https:\/\/mulktakibi.com\/blog\/#organization"},"potentialAction":[{"@type":"SearchAction","target":{"@type":"EntryPoint","urlTemplate":"https:\/\/mulktakibi.com\/blog\/?s={search_term_string}"},"query-input":"required name=search_term_string"}],"inLanguage":"tr"},{"@type":"Organization","@id":"https:\/\/mulktakibi.com\/blog\/#organization","name":"M\u00fclk Takibi","url":"https:\/\/mulktakibi.com\/blog\/","logo":{"@type":"ImageObject","inLanguage":"tr","@id":"https:\/\/mulktakibi.com\/blog\/#\/schema\/logo\/image\/","url":"https:\/\/mulktakibi.com\/blog\/wp-content\/uploads\/2022\/12\/logo.png","contentUrl":"https:\/\/mulktakibi.com\/blog\/wp-content\/uploads\/2022\/12\/logo.png","width":300,"height":66,"caption":"M\u00fclk Takibi"},"image":{"@id":"https:\/\/mulktakibi.com\/blog\/#\/schema\/logo\/image\/"},"sameAs":["https:\/\/www.facebook.com\/mulktakibi","https:\/\/twitter.com\/mulktakibi","https:\/\/www.youtube.com\/channel\/UCZ0qRtwOZ01aeo-vswXKjqQ","https:\/\/www.linkedin.com\/company\/mlk-takibi\/","https:\/\/www.instagram.com\/mulktakibi\/"]},{"@type":"Person","@id":"https:\/\/mulktakibi.com\/blog\/#\/schema\/person\/fe857fef554e553559eb568296f6dd43","name":"\u015eule Akyol","image":{"@type":"ImageObject","inLanguage":"tr","@id":"https:\/\/mulktakibi.com\/blog\/#\/schema\/person\/image\/","url":"https:\/\/secure.gravatar.com\/avatar\/42cd57afda1d2ff6e51d534d996e862ffbf27dc3d8391abac3f6a9a9186b037a?s=96&d=mm&r=g","contentUrl":"https:\/\/secure.gravatar.com\/avatar\/42cd57afda1d2ff6e51d534d996e862ffbf27dc3d8391abac3f6a9a9186b037a?s=96&d=mm&r=g","caption":"\u015eule Akyol"},"sameAs":["https:\/\/mulktakibi.com"],"url":"https:\/\/mulktakibi.com\/blog\/author\/suleakyol\/"}]}},"_links":{"self":[{"href":"https:\/\/mulktakibi.com\/blog\/wp-json\/wp\/v2\/posts\/132","targetHints":{"allow":["GET"]}}],"collection":[{"href":"https:\/\/mulktakibi.com\/blog\/wp-json\/wp\/v2\/posts"}],"about":[{"href":"https:\/\/mulktakibi.com\/blog\/wp-json\/wp\/v2\/types\/post"}],"author":[{"embeddable":true,"href":"https:\/\/mulktakibi.com\/blog\/wp-json\/wp\/v2\/users\/2"}],"replies":[{"embeddable":true,"href":"https:\/\/mulktakibi.com\/blog\/wp-json\/wp\/v2\/comments?post=132"}],"version-history":[{"count":1,"href":"https:\/\/mulktakibi.com\/blog\/wp-json\/wp\/v2\/posts\/132\/revisions"}],"predecessor-version":[{"id":135,"href":"https:\/\/mulktakibi.com\/blog\/wp-json\/wp\/v2\/posts\/132\/revisions\/135"}],"wp:featuredmedia":[{"embeddable":true,"href":"https:\/\/mulktakibi.com\/blog\/wp-json\/wp\/v2\/media\/134"}],"wp:attachment":[{"href":"https:\/\/mulktakibi.com\/blog\/wp-json\/wp\/v2\/media?parent=132"}],"wp:term":[{"taxonomy":"category","embeddable":true,"href":"https:\/\/mulktakibi.com\/blog\/wp-json\/wp\/v2\/categories?post=132"},{"taxonomy":"post_tag","embeddable":true,"href":"https:\/\/mulktakibi.com\/blog\/wp-json\/wp\/v2\/tags?post=132"}],"curies":[{"name":"wp","href":"https:\/\/api.w.org\/{rel}","templated":true}]}}